{"id":7993,"date":"2017-04-26T03:12:18","date_gmt":"2017-04-26T06:12:18","guid":{"rendered":"http:\/\/vocesdebaires.com.ar\/wordpress\/index.php\/2017\/04\/26\/otorgan-reconocimiento-a-prestigioso-cirujano\/"},"modified":"2017-04-26T03:12:18","modified_gmt":"2017-04-26T06:12:18","slug":"otorgan-reconocimiento-a-prestigioso-cirujano","status":"publish","type":"post","link":"https:\/\/vocesdebaires.com.ar\/index.php\/2017\/04\/26\/otorgan-reconocimiento-a-prestigioso-cirujano\/","title":{"rendered":"Otorgan reconocimiento a prestigioso cirujano"},"content":{"rendered":"<p>\u00a0<br \/>\nPekolj es un reconocido profesional de la salud que se desempe\u00f1a como jefe de la secci\u00f3n de cirug\u00eda Hepato-Bilio pancre\u00e1tica en el Hospital Italiano de Buenos Aires. Fue homenajeado\u00a0ayer por la tarde &#8211;\u00a0noche\u00a0en una ceremonia que se realiz\u00f3 en la Legislatura porte\u00f1a para declararlo Personalidad Destacada de la ciudad.<br \/>\nLa diputada Victoria Rold\u00e1n M\u00e9ndez (PRO) encabez\u00f3 el acto de reconocimiento y como autora de la iniciativa expres\u00f3: &quot;Es importante destacar la labor de aquellos que por sus m\u00e9ritos acad\u00e9micos y cient\u00edficos hacen la diferencia d\u00eda a d\u00eda. Aquellos que por su trayectoria contribuyen desde las ciencias de la salud a hacer una mejor Ciudad de Buenos Aires&quot;.<br \/>\nPor su parte, el m\u00e9dico especialista en cirug\u00eda agradeci\u00f3 la distinci\u00f3n, a la que consider\u00f3 &quot;muy particular porque no surgi\u00f3 de un colega ni del medio en el que uno se mueve&quot;. Tambi\u00e9n expuso sobre la formaci\u00f3n de futuros profesionales, un tema que lo calific\u00f3 como &quot;complicado&quot; debido a que hoy &quot;no est\u00e1 concebido que un futuro cirujano se capacite en actividad sobre un paciente, como fuimos capacitados nosotros&quot;.<br \/>\nEl doctor Pekolj dedic\u00f3 tiempo a la investigaci\u00f3n en salud y tiene m\u00e1s de 180 trabajos publicados. Recibi\u00f3 el t\u00edtulo de Doctor en Medicina de la Universidad Nacional de Buenos Aires en 2003 y su tesis &quot;Tratamiento de la litiasis coledociana por v\u00eda transcistica laparosc\u00f3pica\u201d marc\u00f3 un antes y un despu\u00e9s en la cirug\u00eda de v\u00edas biliares.<br \/>\nEl homenajeado presidi\u00f3 el a\u00f1o pasado la Asociaci\u00f3n Argentina de Cirug\u00eda. Adem\u00e1s fue director, docente, instructor y colaborador en innumerables cursos y asistente y disertante en un centenar de congresos y jornadas de prestigio nacional e internacional. Asistieron a la ceremonia autoridades del Hospital Italiano, el equipo de residentes m\u00e9dicos del nosocomio y los diputados L\u00eda Rueda, Octavio Calder\u00f3n y Jian Ping Yuan (PRO).<\/p>\n","protected":false},"excerpt":{"rendered":"<p>\u00a0 Pekolj es un reconocido profesional de la salud que se desempe\u00f1a como jefe de la secci\u00f3n de cirug\u00eda Hepato-Bilio pancre\u00e1tica en el Hospital Italiano de Buenos Aires. Fue homenajeado\u00a0ayer por la tarde &#8211;\u00a0noche\u00a0en una ceremonia que se realiz\u00f3 en la Legislatura porte\u00f1a para declararlo Personalidad Destacada de la ciudad. La diputada Victoria Rold\u00e1n M\u00e9ndez [&hellip;]<\/p>\n","protected":false},"author":1,"featured_media":7994,"comment_status":"open","ping_status":"open","sticky":false,"template":"","format":"standard","meta":{"_et_pb_use_builder":"","_et_pb_old_content":"","_et_gb_content_width":"","footnotes":""},"categories":[11,33],"tags":[],"class_list":["post-7993","post","type-post","status-publish","format-standard","has-post-thumbnail","hentry","category-ciudad","category-sociedad-y-cultura-2"],"_links":{"self":[{"href":"https:\/\/vocesdebaires.com.ar\/index.php\/wp-json\/wp\/v2\/posts\/7993"}],"collection":[{"href":"https:\/\/vocesdebaires.com.ar\/index.php\/wp-json\/wp\/v2\/posts"}],"about":[{"href":"https:\/\/vocesdebaires.com.ar\/index.php\/wp-json\/wp\/v2\/types\/post"}],"author":[{"embeddable":true,"href":"https:\/\/vocesdebaires.com.ar\/index.php\/wp-json\/wp\/v2\/users\/1"}],"replies":[{"embeddable":true,"href":"https:\/\/vocesdebaires.com.ar\/index.php\/wp-json\/wp\/v2\/comments?post=7993"}],"version-history":[{"count":0,"href":"https:\/\/vocesdebaires.com.ar\/index.php\/wp-json\/wp\/v2\/posts\/7993\/revisions"}],"wp:featuredmedia":[{"embeddable":true,"href":"https:\/\/vocesdebaires.com.ar\/index.php\/wp-json\/wp\/v2\/media\/7994"}],"wp:attachment":[{"href":"https:\/\/vocesdebaires.com.ar\/index.php\/wp-json\/wp\/v2\/media?parent=7993"}],"wp:term":[{"taxonomy":"category","embeddable":true,"href":"https:\/\/vocesdebaires.com.ar\/index.php\/wp-json\/wp\/v2\/categories?post=7993"},{"taxonomy":"post_tag","embeddable":true,"href":"https:\/\/vocesdebaires.com.ar\/index.php\/wp-json\/wp\/v2\/tags?post=7993"}],"curies":[{"name":"wp","href":"https:\/\/api.w.org\/{rel}","templated":true}]}}