{"id":7999,"date":"2017-04-26T03:00:00","date_gmt":"2017-04-26T06:00:00","guid":{"rendered":"http:\/\/vocesdebaires.com.ar\/wordpress\/index.php\/2017\/04\/26\/interes-social-libro-cuentos-que-no-pican\/"},"modified":"2017-04-26T03:00:00","modified_gmt":"2017-04-26T06:00:00","slug":"interes-social-libro-cuentos-que-no-pican","status":"publish","type":"post","link":"https:\/\/vocesdebaires.com.ar\/index.php\/2017\/04\/26\/interes-social-libro-cuentos-que-no-pican\/","title":{"rendered":"Inter\u00e9s Social: Libro &quot;Cuentos que no pican&quot;"},"content":{"rendered":"<p>\u00a0<br \/>\nPor iniciativa de la legisladora Claudia Calciano (PRO), autora del proyecto, se declar\u00f3 de inter\u00e9s Social y para la Promoci\u00f3n y Defensa de los Derechos Humanos, al libro &quot;Cuentos que no pican&quot; de la Asociaci\u00f3n Civil para el enfermo de Psoriasis (AEPSO).<br \/>\nAyer por la tarde noche ,en el Sal\u00f3n Eva Per\u00f3n\u00a0 la legisladora Claudia Calciano (PRO) recibi\u00f3 a la presidenta de la Fundaci\u00f3n AEPSO, Silvia Fern\u00e1ndez Barrio, con motivo de hacer entrega de la distinci\u00f3n, para la promoci\u00f3n y defensa de los Derechos Humanos, al libro &quot;Cuentos que no pican&quot;.<br \/>\nA dem\u00e1s de la Presidenta de AEPSO, distintas autoridades y representantes m\u00e9dicos, acompa\u00f1aron a este acto los autores del libro, la Dra. Paula Luna y la Dra. Carla Castro, ambas Dermat\u00f3logas Pedi\u00e1tricas y Franco Guzzo, ilustrador del libro &quot;Cuentos que no Pican&quot;.<br \/>\nLa legisladora Calciano dijo &quot;Siempre digo que tiene enorme valor llevar claridad y hacer docencia con aquellas cosas de las que no nos animamos a hablar, que generan rechazo y sufrimiento innecesario, solo por desconocimiento, por ignorancia. Por eso, &#8216;Cuentos que no pican&#8217; tiene aqu\u00ed en la Legislatura Porte\u00f1a, la importancia para ser declarado de Inter\u00e9s Social y para la Promoci\u00f3n y Defensa de los Derechos Humanos en la Ciudad de Buenos Aires&quot;.&quot;Este cuento nos ayuda a ense\u00f1arles a los ni\u00f1os el valor de la diversidad ya que, s\u00f3lo por ser humano, merece divertirse, socializar y disfrutar sin la mirada despectiva se sus semejantes&quot;.<\/p>\n","protected":false},"excerpt":{"rendered":"<p>\u00a0 Por iniciativa de la legisladora Claudia Calciano (PRO), autora del proyecto, se declar\u00f3 de inter\u00e9s Social y para la Promoci\u00f3n y Defensa de los Derechos Humanos, al libro &quot;Cuentos que no pican&quot; de la Asociaci\u00f3n Civil para el enfermo de Psoriasis (AEPSO). Ayer por la tarde noche ,en el Sal\u00f3n Eva Per\u00f3n\u00a0 la legisladora [&hellip;]<\/p>\n","protected":false},"author":1,"featured_media":8000,"comment_status":"open","ping_status":"open","sticky":false,"template":"","format":"standard","meta":{"_et_pb_use_builder":"","_et_pb_old_content":"","_et_gb_content_width":"","footnotes":""},"categories":[11,33],"tags":[],"class_list":["post-7999","post","type-post","status-publish","format-standard","has-post-thumbnail","hentry","category-ciudad","category-sociedad-y-cultura-2"],"_links":{"self":[{"href":"https:\/\/vocesdebaires.com.ar\/index.php\/wp-json\/wp\/v2\/posts\/7999"}],"collection":[{"href":"https:\/\/vocesdebaires.com.ar\/index.php\/wp-json\/wp\/v2\/posts"}],"about":[{"href":"https:\/\/vocesdebaires.com.ar\/index.php\/wp-json\/wp\/v2\/types\/post"}],"author":[{"embeddable":true,"href":"https:\/\/vocesdebaires.com.ar\/index.php\/wp-json\/wp\/v2\/users\/1"}],"replies":[{"embeddable":true,"href":"https:\/\/vocesdebaires.com.ar\/index.php\/wp-json\/wp\/v2\/comments?post=7999"}],"version-history":[{"count":0,"href":"https:\/\/vocesdebaires.com.ar\/index.php\/wp-json\/wp\/v2\/posts\/7999\/revisions"}],"wp:featuredmedia":[{"embeddable":true,"href":"https:\/\/vocesdebaires.com.ar\/index.php\/wp-json\/wp\/v2\/media\/8000"}],"wp:attachment":[{"href":"https:\/\/vocesdebaires.com.ar\/index.php\/wp-json\/wp\/v2\/media?parent=7999"}],"wp:term":[{"taxonomy":"category","embeddable":true,"href":"https:\/\/vocesdebaires.com.ar\/index.php\/wp-json\/wp\/v2\/categories?post=7999"},{"taxonomy":"post_tag","embeddable":true,"href":"https:\/\/vocesdebaires.com.ar\/index.php\/wp-json\/wp\/v2\/tags?post=7999"}],"curies":[{"name":"wp","href":"https:\/\/api.w.org\/{rel}","templated":true}]}}