{"id":8005,"date":"2017-04-25T03:00:00","date_gmt":"2017-04-25T06:00:00","guid":{"rendered":"http:\/\/vocesdebaires.com.ar\/wordpress\/index.php\/2017\/04\/25\/programas-sociales-a-los-barrios-portenos\/"},"modified":"2017-04-25T03:00:00","modified_gmt":"2017-04-25T06:00:00","slug":"programas-sociales-a-los-barrios-portenos","status":"publish","type":"post","link":"https:\/\/vocesdebaires.com.ar\/index.php\/2017\/04\/25\/programas-sociales-a-los-barrios-portenos\/","title":{"rendered":"Programas sociales a los barrios porte\u00f1os"},"content":{"rendered":"<p>\u00a0<br \/>\nCon el objetivo de acercar a todas las familias los programas sociales de la Ciudad, el Ministerio de Desarrollo Humano y H\u00e1bitat recorre las diferentes Comunas de la Ciudad a trav\u00e9s de la Unidad de Cercan\u00eda M\u00f3vil.El programa, que atiende al p\u00fablico de 9 a 14, brinda informaci\u00f3n sobre subsidios, certificados de discapacidad, inscripci\u00f3n a Ticket Social y Ciudadan\u00eda Porte\u00f1a, prevenci\u00f3n en adicciones, noviazgos violentos y trata de personas, entre otros.<br \/>\nDesde el lunes 24 y hasta el viernes 28 de abril se encuentra de 9 a 14 en el Parque Chacabuco, Avenida Asamblea y Curapaligue, Comuna 7. El m\u00f3vil cuenta con personal t\u00e9cnico capacitado que informar\u00e1 y asesorar\u00e1 sobre todos los programas y acciones del \u00e1rea con el fin de dar la informaci\u00f3n justa y necesaria para la soluci\u00f3n de los requerimientos de los vecinos en general y de las personas en situaci\u00f3n de vulnerabilidad social en particular.La Unidad de Cercan\u00eda M\u00f3vil acerca los programas sociales de la Ciudad a todas las Comunas.<br \/>\n\u00a0<\/p>\n","protected":false},"excerpt":{"rendered":"<p>\u00a0 Con el objetivo de acercar a todas las familias los programas sociales de la Ciudad, el Ministerio de Desarrollo Humano y H\u00e1bitat recorre las diferentes Comunas de la Ciudad a trav\u00e9s de la Unidad de Cercan\u00eda M\u00f3vil.El programa, que atiende al p\u00fablico de 9 a 14, brinda informaci\u00f3n sobre subsidios, certificados de discapacidad, inscripci\u00f3n [&hellip;]<\/p>\n","protected":false},"author":1,"featured_media":8006,"comment_status":"open","ping_status":"open","sticky":false,"template":"","format":"standard","meta":{"_et_pb_use_builder":"","_et_pb_old_content":"","_et_gb_content_width":"","footnotes":""},"categories":[11,32],"tags":[],"class_list":["post-8005","post","type-post","status-publish","format-standard","has-post-thumbnail","hentry","category-ciudad","category-comunas"],"_links":{"self":[{"href":"https:\/\/vocesdebaires.com.ar\/index.php\/wp-json\/wp\/v2\/posts\/8005"}],"collection":[{"href":"https:\/\/vocesdebaires.com.ar\/index.php\/wp-json\/wp\/v2\/posts"}],"about":[{"href":"https:\/\/vocesdebaires.com.ar\/index.php\/wp-json\/wp\/v2\/types\/post"}],"author":[{"embeddable":true,"href":"https:\/\/vocesdebaires.com.ar\/index.php\/wp-json\/wp\/v2\/users\/1"}],"replies":[{"embeddable":true,"href":"https:\/\/vocesdebaires.com.ar\/index.php\/wp-json\/wp\/v2\/comments?post=8005"}],"version-history":[{"count":0,"href":"https:\/\/vocesdebaires.com.ar\/index.php\/wp-json\/wp\/v2\/posts\/8005\/revisions"}],"wp:featuredmedia":[{"embeddable":true,"href":"https:\/\/vocesdebaires.com.ar\/index.php\/wp-json\/wp\/v2\/media\/8006"}],"wp:attachment":[{"href":"https:\/\/vocesdebaires.com.ar\/index.php\/wp-json\/wp\/v2\/media?parent=8005"}],"wp:term":[{"taxonomy":"category","embeddable":true,"href":"https:\/\/vocesdebaires.com.ar\/index.php\/wp-json\/wp\/v2\/categories?post=8005"},{"taxonomy":"post_tag","embeddable":true,"href":"https:\/\/vocesdebaires.com.ar\/index.php\/wp-json\/wp\/v2\/tags?post=8005"}],"curies":[{"name":"wp","href":"https:\/\/api.w.org\/{rel}","templated":true}]}}