{"id":8009,"date":"2017-04-25T03:00:00","date_gmt":"2017-04-25T06:00:00","guid":{"rendered":"http:\/\/vocesdebaires.com.ar\/wordpress\/index.php\/2017\/04\/25\/heredia-organizo-una-noche-de-tango\/"},"modified":"2017-04-25T03:00:00","modified_gmt":"2017-04-25T06:00:00","slug":"heredia-organizo-una-noche-de-tango","status":"publish","type":"post","link":"https:\/\/vocesdebaires.com.ar\/index.php\/2017\/04\/25\/heredia-organizo-una-noche-de-tango\/","title":{"rendered":"Heredia organiz\u00f3 una noche de tango"},"content":{"rendered":"<p>\u00a0<br \/>\nLa Legislatura porte\u00f1a homenaje\u00f3 el cent\u00e9simo aniversario del estreno de La Cumparsita, considerada el himno de los tangos, con m\u00fasica en el Sal\u00f3n Dorado, por iniciativa del diputado Claudio Heredia (BP): \u201cEsta noche se engalana con el aniversario, La Cumparsita es la primer canci\u00f3n inscripta en SADAIC y la que m\u00e1s versiones tiene\u201d<br \/>\nInaugur\u00f3 el escenario de la noche B\u00e1rbara Grabinsky, acompa\u00f1ada por el d\u00fao Mercado Noble, para interpretar Mi Noche Triste (1917), con letra de Pascual Contursi y m\u00fasica de Samuel Castriota. A continuaci\u00f3n Santiago Cisneros cant\u00f3 Una Emoci\u00f3n (1926) de Ra\u00fal Kaplan y Jos\u00e9 Su\u00f1e, a lo que\u00a0 sigui\u00f3 el Grupo La Tranquera, que con sus toques folcl\u00f3ricos ejecut\u00f3 Samba para Buenos Aires. La variaci\u00f3n vino con Casata Calda Rock y su tema Prisma.<br \/>\nLuego lleg\u00f3 el momento de los reconocimientos entregados por el diputado Heredia, que destac\u00f3 que La Cumparsita, del m\u00fasico uruguayo Gerardo Matos Rodr\u00edguez con\u00a0 arreglos del argentino Roberto Firpo, &quot;es un s\u00edmbolo de uni\u00f3n entre los pueblos, entre uruguayos y argentinos, que nos unen tantas cosas, como el tango y el mate\u201d. Por ello le entreg\u00f3 a Silvia Canzani, agregada cultural del la Rep\u00fablica Oriental del Uruguay, presente en el acto, un mate de alpaca. Como tambi\u00e9n lo recibi\u00f3 Gabriel Soria, presidente de la Asociaci\u00f3n Argentina de Tango, que destac\u00f3 el valor ic\u00f3nico de La Cumparsita por su \u201cuniversalidad\u201d, as\u00ed como tambi\u00e9n por \u201cel fervor que los m\u00fasicos y el p\u00fablico le tienen\u201d.<br \/>\nDespu\u00e9s de la m\u00fasica instrumental y cantada, lleg\u00f3 tambi\u00e9n el momento del tango bailado por las parejas integradas por Evelyn Paiva y Jorge Lugo y Vanina Lurisci y Pablo Brava.Durante el acto estuvieron presentes las diputadas Silvia Gottero y\u00a0 Mar\u00eda Rosa Mui\u00f1os (BP), as\u00ed como tambi\u00e9n afiliados y autoridades del gremio de la Uni\u00f3n Personal Civil de la Naci\u00f3n (UPCN), entre el p\u00fablico tanguero.<br \/>\nNotoriedad de La Cumparsita<br \/>\nEn 1947 \u201cLa Cumparsita\u201d sirvi\u00f3 de punto de apoyo argumental para la pel\u00edcula del mismo nombre realizada en Buenos Aires con Hugo del Carril como protagonista. Entre los que grabaron este tango se encuentran Carlos Gardel, Roberto Firpo, An\u00edbal Troilo, Juan D\u2019Arienzo, el Primer Cuarteto de C\u00e1mara del Tango, Roberto Grela, Julio Sosa y Astor Piazzolla, entre otros. Esta obra, adem\u00e1s es utilizada como marcha nupcial en casi todas las bodas que se celebran en Estambul, Turqu\u00eda y ha recorrido el mundo consagr\u00e1ndose como una de las piezas m\u00e1s celebradas y famosas. El tango fue declarado desde 2009 como Patrimonio Cultural Inmaterial de la Humanidad por parte de la Unesco.<br \/>\n\u00a0<\/p>\n","protected":false},"excerpt":{"rendered":"<p>\u00a0 La Legislatura porte\u00f1a homenaje\u00f3 el cent\u00e9simo aniversario del estreno de La Cumparsita, considerada el himno de los tangos, con m\u00fasica en el Sal\u00f3n Dorado, por iniciativa del diputado Claudio Heredia (BP): \u201cEsta noche se engalana con el aniversario, La Cumparsita es la primer canci\u00f3n inscripta en SADAIC y la que m\u00e1s versiones tiene\u201d Inaugur\u00f3 [&hellip;]<\/p>\n","protected":false},"author":1,"featured_media":8010,"comment_status":"open","ping_status":"open","sticky":false,"template":"","format":"standard","meta":{"_et_pb_use_builder":"","_et_pb_old_content":"","_et_gb_content_width":"","footnotes":""},"categories":[11,33],"tags":[],"class_list":["post-8009","post","type-post","status-publish","format-standard","has-post-thumbnail","hentry","category-ciudad","category-sociedad-y-cultura-2"],"_links":{"self":[{"href":"https:\/\/vocesdebaires.com.ar\/index.php\/wp-json\/wp\/v2\/posts\/8009"}],"collection":[{"href":"https:\/\/vocesdebaires.com.ar\/index.php\/wp-json\/wp\/v2\/posts"}],"about":[{"href":"https:\/\/vocesdebaires.com.ar\/index.php\/wp-json\/wp\/v2\/types\/post"}],"author":[{"embeddable":true,"href":"https:\/\/vocesdebaires.com.ar\/index.php\/wp-json\/wp\/v2\/users\/1"}],"replies":[{"embeddable":true,"href":"https:\/\/vocesdebaires.com.ar\/index.php\/wp-json\/wp\/v2\/comments?post=8009"}],"version-history":[{"count":0,"href":"https:\/\/vocesdebaires.com.ar\/index.php\/wp-json\/wp\/v2\/posts\/8009\/revisions"}],"wp:featuredmedia":[{"embeddable":true,"href":"https:\/\/vocesdebaires.com.ar\/index.php\/wp-json\/wp\/v2\/media\/8010"}],"wp:attachment":[{"href":"https:\/\/vocesdebaires.com.ar\/index.php\/wp-json\/wp\/v2\/media?parent=8009"}],"wp:term":[{"taxonomy":"category","embeddable":true,"href":"https:\/\/vocesdebaires.com.ar\/index.php\/wp-json\/wp\/v2\/categories?post=8009"},{"taxonomy":"post_tag","embeddable":true,"href":"https:\/\/vocesdebaires.com.ar\/index.php\/wp-json\/wp\/v2\/tags?post=8009"}],"curies":[{"name":"wp","href":"https:\/\/api.w.org\/{rel}","templated":true}]}}