{"id":8013,"date":"2017-04-25T03:00:00","date_gmt":"2017-04-25T06:00:00","guid":{"rendered":"http:\/\/vocesdebaires.com.ar\/wordpress\/index.php\/2017\/04\/25\/inauguracion-muestra-fotografica-madre\/"},"modified":"2017-04-25T03:00:00","modified_gmt":"2017-04-25T06:00:00","slug":"inauguracion-muestra-fotografica-madre","status":"publish","type":"post","link":"https:\/\/vocesdebaires.com.ar\/index.php\/2017\/04\/25\/inauguracion-muestra-fotografica-madre\/","title":{"rendered":"Inauguraci\u00f3n muestra fotogr\u00e1fica &quot;Madre&quot;"},"content":{"rendered":"<p>\u00a0<br \/>\nLa muestra MADRE del fotoperiodista Marcos Adand\u00eda est\u00e1 compuesta de fotos en primeros planos de los rostros de las Madres que hace 40 a\u00f1os mantienen su inclaudicable lucha por Memoria, Verdad y Justicia. Madre fue inaugurada en el Museo Nacional de Bellas Artes en 2013, con una enorme repercusi\u00f3n internacional y luego plasmada en un libro prologado por el artista, cr\u00edtico de arte y escritor John Berger. Adem\u00e1s, en el mes de marzo de 2017, form\u00f3 parte del Encuentro Internacional de Fotograf\u00eda y Memoria \u201cDerechos en Foco&quot;, que se realiz\u00f3 en el Espacio para la Memoria de la Ex ESMA. Participar\u00e1n del acto de inauguraci\u00f3n: Taty Almeida de Madres de Plaza de Mayo L\u00ednea Fundadora, Horacio Corti, Defensor General de la Ciudad de Buenos Aires,\u00a0 Ezequiel Torres, Presidente de ARGRA, Gabriela Alegre, por el Programa de Derechos Culturales del Ministerio P\u00fablico de la Defensa y la diputada Mar\u00eda Teresa Garc\u00eda, Presidenta de la Comisi\u00f3n Administradora de la Biblioteca del Congreso de la Naci\u00f3n. Organiz\u00f3 : Biblioteca del Congreso Argentina &#8211; Ministerio P\u00fablico de la Defensa de la Ciudad de Buenos AIres &#8211; Asociaci\u00f3n de Reporteros Gr\u00e1ficos de la Argentina (AGRA)<\/p>\n","protected":false},"excerpt":{"rendered":"<p>\u00a0 La muestra MADRE del fotoperiodista Marcos Adand\u00eda est\u00e1 compuesta de fotos en primeros planos de los rostros de las Madres que hace 40 a\u00f1os mantienen su inclaudicable lucha por Memoria, Verdad y Justicia. Madre fue inaugurada en el Museo Nacional de Bellas Artes en 2013, con una enorme repercusi\u00f3n internacional y luego plasmada en [&hellip;]<\/p>\n","protected":false},"author":1,"featured_media":8014,"comment_status":"open","ping_status":"open","sticky":false,"template":"","format":"standard","meta":{"_et_pb_use_builder":"","_et_pb_old_content":"","_et_gb_content_width":"","footnotes":""},"categories":[11,33],"tags":[],"class_list":["post-8013","post","type-post","status-publish","format-standard","has-post-thumbnail","hentry","category-ciudad","category-sociedad-y-cultura-2"],"_links":{"self":[{"href":"https:\/\/vocesdebaires.com.ar\/index.php\/wp-json\/wp\/v2\/posts\/8013"}],"collection":[{"href":"https:\/\/vocesdebaires.com.ar\/index.php\/wp-json\/wp\/v2\/posts"}],"about":[{"href":"https:\/\/vocesdebaires.com.ar\/index.php\/wp-json\/wp\/v2\/types\/post"}],"author":[{"embeddable":true,"href":"https:\/\/vocesdebaires.com.ar\/index.php\/wp-json\/wp\/v2\/users\/1"}],"replies":[{"embeddable":true,"href":"https:\/\/vocesdebaires.com.ar\/index.php\/wp-json\/wp\/v2\/comments?post=8013"}],"version-history":[{"count":0,"href":"https:\/\/vocesdebaires.com.ar\/index.php\/wp-json\/wp\/v2\/posts\/8013\/revisions"}],"wp:featuredmedia":[{"embeddable":true,"href":"https:\/\/vocesdebaires.com.ar\/index.php\/wp-json\/wp\/v2\/media\/8014"}],"wp:attachment":[{"href":"https:\/\/vocesdebaires.com.ar\/index.php\/wp-json\/wp\/v2\/media?parent=8013"}],"wp:term":[{"taxonomy":"category","embeddable":true,"href":"https:\/\/vocesdebaires.com.ar\/index.php\/wp-json\/wp\/v2\/categories?post=8013"},{"taxonomy":"post_tag","embeddable":true,"href":"https:\/\/vocesdebaires.com.ar\/index.php\/wp-json\/wp\/v2\/tags?post=8013"}],"curies":[{"name":"wp","href":"https:\/\/api.w.org\/{rel}","templated":true}]}}