{"id":8017,"date":"2017-04-25T03:00:00","date_gmt":"2017-04-25T06:00:00","guid":{"rendered":"http:\/\/vocesdebaires.com.ar\/wordpress\/index.php\/2017\/04\/25\/amia-continua-el-juicio-audiencia-n84\/"},"modified":"2017-04-25T03:00:00","modified_gmt":"2017-04-25T06:00:00","slug":"amia-continua-el-juicio-audiencia-n84","status":"publish","type":"post","link":"https:\/\/vocesdebaires.com.ar\/index.php\/2017\/04\/25\/amia-continua-el-juicio-audiencia-n84\/","title":{"rendered":"AMIA: Continua el juicio, Audiencia N\u00b084"},"content":{"rendered":"<p>\u00a0<br \/>\nFinalmente concluy\u00f3 la larga declaraci\u00f3n testimonial de Claudio Lifschitz en el juicio por irregularidades en la investigaci\u00f3n del atentado a la AMIA, que tiene al entonces juez Juan Jos\u00e9 Galeano, a Hugo Anzorreguy y a Carlos Menem, entre sus trece imputados.Cinco audiencias dur\u00f3 en total la presentaci\u00f3n de Lifschitz, quien repas\u00f3 con buena memoria todas y cada una de las irregularidades que vivi\u00f3 cuando trabaj\u00f3 -entre 1995 y 1997- como prosecretario en el Juzgado Federal 9.<br \/>\nSi bien en las semanas anteriores se explay\u00f3 en cada tema acerca del cual los abogados lo interrogaron, en esta \u00faltima ocasi\u00f3n logr\u00f3 ampliar algunas cuestiones de importancia.En primer lugar, preguntado acerca de si le constaba qui\u00e9nes, seg\u00fan la Secretar\u00eda de Inteligencia del Estado, hab\u00edan cometido el atentado, respondi\u00f3: \u201cTanto Alejandro Brousson o Pinocho (Luis Gonz\u00e1lez) de la Sala Patria de la SIDE dec\u00edan que hab\u00eda una operaci\u00f3n controlada de infiltraci\u00f3n de una c\u00e9lula iran\u00ed y que por una mala decisi\u00f3n pol\u00edtica de retirarse de esa c\u00e9lula dormida, ocurri\u00f3 el atentado\u201d.<br \/>\nCuando se le pidi\u00f3 mayor detalle, Lifschitz asegur\u00f3 que la \u201cdecisi\u00f3n pol\u00edtica\u201d de abandonar la c\u00e9lula fue del entonces presidente Carlos Menem, quien lo orden\u00f3 tras conocer esa operaci\u00f3n.\u201cAh\u00ed es cuando la Trafic se les pierde\u201d, aclar\u00f3 y explic\u00f3 que \u00e9l mismo investig\u00f3 lo ocurrido con la camioneta que se dej\u00f3 de seguir cuando desapareci\u00f3 de Jet Parking. \u201cDespu\u00e9s de hablar con todos los que ten\u00edan autos estacionados ah\u00ed, concluimos que se hab\u00eda retirado la Trafic antes del s\u00e1bado al mediod\u00eda. Y como la perdieron, al parecer la buscaron con los helic\u00f3pteros, que seg\u00fan testigos sobrevolaron la AMIA la noche anterior al atentado\u201d.<br \/>\nEsto tambi\u00e9n resulta coherente, dijo Lifschitz, con la denuncia que el agente de inteligencia brasile\u00f1o Wilson Do Santos hizo en Mil\u00e1n anticipando el atentado. \u201cNunca se les pod\u00eda haber pasado eso. La comunicaci\u00f3n lleg\u00f3 pero claramente interfer\u00eda la operaci\u00f3n sobre la c\u00e9lula dormida que la SIDE ten\u00eda controlada con infiltrados\u201d.Toda esta operaci\u00f3n, que incluye tambi\u00e9n la intervenci\u00f3n de tel\u00e9fonos de la embajada de Ir\u00e1n el d\u00eda del atentado, es, en palabras de Lifschitz, \u201clo que se quiso ocultar con una causa armada. Despu\u00e9s hubo un desorden total y voluntario de la causa\u201d.<br \/>\nY adem\u00e1s agreg\u00f3, que al investigar el tema, surgi\u00f3 que esas l\u00edneas telef\u00f3nicas del agregado cultural de la embajada de Ir\u00e1n y otros no estaban intervenidas por orden judicial, ni siquiera a pedido del juez Santamarina, quien -como relat\u00f3 en audiencias anteriores- ordenaba intervenciones a pedido de la SIDE y las ocultaba en causas paralelas a la de AMIA.\u201cCuando la empresa Movicom inform\u00f3 sobre esos tel\u00e9fonos, constaba el pedido de la SIDE pero sin oficio judicial. Seg\u00fan la cuenta que hice, son unas 65 mil horas de escuchas que fueron borradas o desaparecieron pero no fueron nunca incorporadas a la causa\u201d, explic\u00f3 Lifschitz. Finalmente expres\u00f3 que toda esta informaci\u00f3n que fue adquiriendo por dichos de agentes de la Sala Patria y la documentaci\u00f3n que surgi\u00f3 de lo investigado por \u00e9l y otros prosecretarios, se la comunic\u00f3 al ex juez Galeano. \u201cTodo le cont\u00e9 y me dijo que ya lo sab\u00eda. Ah\u00ed renunci\u00e9\u201d.<br \/>\nEl \u201cFino\u201d Palacios<br \/>\nPrevio a irse del juzgado, Lifschitz dijo que habl\u00f3 sobre el encubrimiento con su ex jefe en la Polic\u00eda Federal, Jorge Palacios, quien para ese entonces comenzaba a participar de la causa AMIA al frente de la DUIA (Unidad Antiterrorista).<br \/>\n\u201cLe cont\u00e9 todo y se asombr\u00f3 porque era amigo de Galeano. Me dijo que yo estaba equivocado sobre el juez, que iba a hablar con Galeano, y que seguro tomar\u00eda medidas\u201d, record\u00f3 y advirti\u00f3 que no lo volvieron a conversar: \u201cHubo silencio\u201d..Tambi\u00e9n, dijo Lifschitz, le advirti\u00f3 a Palacios que \u201cse iba a meter en un problema porque era una causa armada\u201d y que \u00e9ste contest\u00f3: \u201cno es mi problema, yo hago lo que me piden\u201d.<br \/>\nEl pago<br \/>\nPor \u00faltimo, a preguntas de las querellas, Lifschitz aclar\u00f3 que el dinero de fondos reservados de la SIDE estaba ya a disposici\u00f3n del exjuez con anterioridad a la negociaci\u00f3n entre Galeano y Carlos Telleld\u00edn, cuya grabaci\u00f3n se hizo p\u00fablica. Y que, justamente, el agente Brousson (Sala Patria) fue al juzgado el d\u00eda de esa entrevista y vio por el monitor c\u00f3mo se daba el acuerdo para luego facilitar el dinero.<br \/>\nA su vez, confirm\u00f3 que tambi\u00e9n Marta y Gabriela, del sector 85 de la SIDE, ten\u00edan conocimiento acerca del pago a Telleld\u00edn. El pr\u00f3ximo jueves 27 de abril declaran dos testigos de identidad reservada por lo que la audiencia se llevar\u00e1 a cabo sin p\u00fablico general.<\/p>\n","protected":false},"excerpt":{"rendered":"<p>\u00a0 Finalmente concluy\u00f3 la larga declaraci\u00f3n testimonial de Claudio Lifschitz en el juicio por irregularidades en la investigaci\u00f3n del atentado a la AMIA, que tiene al entonces juez Juan Jos\u00e9 Galeano, a Hugo Anzorreguy y a Carlos Menem, entre sus trece imputados.Cinco audiencias dur\u00f3 en total la presentaci\u00f3n de Lifschitz, quien repas\u00f3 con buena memoria [&hellip;]<\/p>\n","protected":false},"author":1,"featured_media":7079,"comment_status":"open","ping_status":"open","sticky":false,"template":"","format":"standard","meta":{"_et_pb_use_builder":"","_et_pb_old_content":"","_et_gb_content_width":"","footnotes":""},"categories":[12,34],"tags":[],"class_list":["post-8017","post","type-post","status-publish","format-standard","has-post-thumbnail","hentry","category-nacion","category-politica"],"_links":{"self":[{"href":"https:\/\/vocesdebaires.com.ar\/index.php\/wp-json\/wp\/v2\/posts\/8017"}],"collection":[{"href":"https:\/\/vocesdebaires.com.ar\/index.php\/wp-json\/wp\/v2\/posts"}],"about":[{"href":"https:\/\/vocesdebaires.com.ar\/index.php\/wp-json\/wp\/v2\/types\/post"}],"author":[{"embeddable":true,"href":"https:\/\/vocesdebaires.com.ar\/index.php\/wp-json\/wp\/v2\/users\/1"}],"replies":[{"embeddable":true,"href":"https:\/\/vocesdebaires.com.ar\/index.php\/wp-json\/wp\/v2\/comments?post=8017"}],"version-history":[{"count":0,"href":"https:\/\/vocesdebaires.com.ar\/index.php\/wp-json\/wp\/v2\/posts\/8017\/revisions"}],"wp:featuredmedia":[{"embeddable":true,"href":"https:\/\/vocesdebaires.com.ar\/index.php\/wp-json\/wp\/v2\/media\/7079"}],"wp:attachment":[{"href":"https:\/\/vocesdebaires.com.ar\/index.php\/wp-json\/wp\/v2\/media?parent=8017"}],"wp:term":[{"taxonomy":"category","embeddable":true,"href":"https:\/\/vocesdebaires.com.ar\/index.php\/wp-json\/wp\/v2\/categories?post=8017"},{"taxonomy":"post_tag","embeddable":true,"href":"https:\/\/vocesdebaires.com.ar\/index.php\/wp-json\/wp\/v2\/tags?post=8017"}],"curies":[{"name":"wp","href":"https:\/\/api.w.org\/{rel}","templated":true}]}}