{"id":8018,"date":"2017-04-25T03:00:00","date_gmt":"2017-04-25T06:00:00","guid":{"rendered":"http:\/\/vocesdebaires.com.ar\/wordpress\/index.php\/2017\/04\/25\/ritondo-yeza-convenio-unificacion-de-las-policias\/"},"modified":"2017-04-25T03:00:00","modified_gmt":"2017-04-25T06:00:00","slug":"ritondo-yeza-convenio-unificacion-de-las-policias","status":"publish","type":"post","link":"https:\/\/vocesdebaires.com.ar\/index.php\/2017\/04\/25\/ritondo-yeza-convenio-unificacion-de-las-policias\/","title":{"rendered":"Ritondo -Yeza, convenio: Unificaci\u00f3n de las polic\u00edas"},"content":{"rendered":"<p>\u00a0<br \/>\nEl ministro de Seguridad de la provincia de Buenos Aires, Cristian Ritondo, junto al intendente de Pinamar, Mart\u00edn Yeza, firmaron ayer por la tarde un acuerdo para unificar las Polic\u00edas Comunal y Local de esa localidad balnearia.\u00a0 Al respecto Ritondo se\u00f1al\u00f3 que \u201cPinamar es el municipio n\u00famero 12 que se suma a la unificaci\u00f3n de las dos fuerzas y en la unidad de criterios que lleva a fortalecer el sistema de seguridad p\u00fablica\u201d a la vez que manifest\u00f3 que &quot;el color del uniforme policial no es lo m\u00e1s importante, sino el profesionalismo de quienes lo portan\u201d.<br \/>\nAsimismo, el titular de la cartera de seguridad provincial se\u00f1al\u00f3 que \u201cest\u00e1 entre nuestras tareas seguir trabajando codo a codo con los jefes comunales para perfeccionar la seguridad y que no haya burocracia cuando una persona necesite la ayuda de un polic\u00eda, ya sea por un delito, un accidente o cualquier otra circunstancia\u201d.Por su parte, el intendente Mart\u00edn Yeza enfatiz\u00f3 que \u201clo hacemos con la intenci\u00f3n de tener unas fuerzas de seguridad cada vez m\u00e1s profesionalizadas\u201d, y a\u00f1adi\u00f3 que \u201ceste convenio trae a luz un norte que puso la Gobernadora Vidal y el Ministro Ritondo que tiene que ver con optimizar los recursos\u201d.<br \/>\nEste acuerdo establece que, adem\u00e1s de los efectivos, se incorporen a la Polic\u00edas Comunales los recursos materiales que estaban afectados a la Polic\u00edas Locales del distrito.Pinamar se suma a los once municipios que ya firmaron el acta que establece la uni\u00f3n de ambas fuerzas policiales durante el a\u00f1o 2016: Ayacucho, Balcarce, Baradero, Bragado, Brandsen, Coronel Suarez, Las Flores, Lobos, Maip\u00fa, Rojas y Tres Arroyos. Durante el encuentro, que tuvo lugar en la sede de esta cartera ubicada en calle 2 entre 51 y 53 de La Plata, estuvieron presentes los funcionarios del gabinete de seguridad provincial, Vicente Ventura Barreiro (Subsecretario de Planificaci\u00f3n, Gesti\u00f3n y Evaluaci\u00f3n), Ignacio Greco (Subsecretario Legal, T\u00e9cnico y Administrativo); y Matias Ranzini (Subsecretario de Relaciones Institucionales).<br \/>\n fotos: Ministerio de Seguridad de la Provincia de Buenos Aires<\/p>\n","protected":false},"excerpt":{"rendered":"<p>\u00a0 El ministro de Seguridad de la provincia de Buenos Aires, Cristian Ritondo, junto al intendente de Pinamar, Mart\u00edn Yeza, firmaron ayer por la tarde un acuerdo para unificar las Polic\u00edas Comunal y Local de esa localidad balnearia.\u00a0 Al respecto Ritondo se\u00f1al\u00f3 que \u201cPinamar es el municipio n\u00famero 12 que se suma a la unificaci\u00f3n [&hellip;]<\/p>\n","protected":false},"author":1,"featured_media":8019,"comment_status":"open","ping_status":"open","sticky":false,"template":"","format":"standard","meta":{"_et_pb_use_builder":"","_et_pb_old_content":"","_et_gb_content_width":"","footnotes":""},"categories":[34,13],"tags":[],"class_list":["post-8018","post","type-post","status-publish","format-standard","has-post-thumbnail","hentry","category-politica","category-provincia"],"_links":{"self":[{"href":"https:\/\/vocesdebaires.com.ar\/index.php\/wp-json\/wp\/v2\/posts\/8018"}],"collection":[{"href":"https:\/\/vocesdebaires.com.ar\/index.php\/wp-json\/wp\/v2\/posts"}],"about":[{"href":"https:\/\/vocesdebaires.com.ar\/index.php\/wp-json\/wp\/v2\/types\/post"}],"author":[{"embeddable":true,"href":"https:\/\/vocesdebaires.com.ar\/index.php\/wp-json\/wp\/v2\/users\/1"}],"replies":[{"embeddable":true,"href":"https:\/\/vocesdebaires.com.ar\/index.php\/wp-json\/wp\/v2\/comments?post=8018"}],"version-history":[{"count":0,"href":"https:\/\/vocesdebaires.com.ar\/index.php\/wp-json\/wp\/v2\/posts\/8018\/revisions"}],"wp:featuredmedia":[{"embeddable":true,"href":"https:\/\/vocesdebaires.com.ar\/index.php\/wp-json\/wp\/v2\/media\/8019"}],"wp:attachment":[{"href":"https:\/\/vocesdebaires.com.ar\/index.php\/wp-json\/wp\/v2\/media?parent=8018"}],"wp:term":[{"taxonomy":"category","embeddable":true,"href":"https:\/\/vocesdebaires.com.ar\/index.php\/wp-json\/wp\/v2\/categories?post=8018"},{"taxonomy":"post_tag","embeddable":true,"href":"https:\/\/vocesdebaires.com.ar\/index.php\/wp-json\/wp\/v2\/tags?post=8018"}],"curies":[{"name":"wp","href":"https:\/\/api.w.org\/{rel}","templated":true}]}}