{"id":8020,"date":"2017-04-24T03:00:00","date_gmt":"2017-04-24T06:00:00","guid":{"rendered":"http:\/\/vocesdebaires.com.ar\/wordpress\/index.php\/2017\/04\/24\/cgt-y-movimientos-popularesen-obra-villa-21\/"},"modified":"2017-04-24T03:00:00","modified_gmt":"2017-04-24T06:00:00","slug":"cgt-y-movimientos-popularesen-obra-villa-21","status":"publish","type":"post","link":"https:\/\/vocesdebaires.com.ar\/index.php\/2017\/04\/24\/cgt-y-movimientos-popularesen-obra-villa-21\/","title":{"rendered":"CGT y Movimientos Populares:En obra Villa 21"},"content":{"rendered":"<p>\u00a0<br \/>\nEn la Parroquia Virgen de los Milagros de Caacup\u00e9 de la Villa 21 de Barracas, se llev\u00f3 a cabo una jornada de formaci\u00f3n y reflexi\u00f3n conjunta entre las organizaciones gremiales vinculadas a la CGT y los Movimientos Populares. A trav\u00e9s de la obra de teatro \u201cPadre Carlos, Rey Pescador\u201d, que relata la vida y obra del Padre Carlos M\u00fagica protagonizada por Pablo Razuk, Sol Ajuria, Miguel G\u00f3miz, Sergio Alem\u00a0 y Ra\u00fal Oliveira, se busca fortalecer el proceso de unidad que viene desarrollando la CGT con los Movimientos Populares, diversos sectores sociales y la Iglesia con el acompa\u00f1amiento del Papa Francisco.<br \/>\nDe la jornada participaron delegados de las cooperativas, presidentes de unidades productivas, dirigentes barriales vinculados a los Movimientos Populares y delegados gremiales vinculados a la Juventud Sindical. Esta es la segunda jornada de reflexi\u00f3n, de una serie que se ir\u00e1n desarrollando en diferentes barrios y que tendr\u00e1 una gran jornada conjunta en la CGT el pr\u00f3ximo 11 de mayo, llevando al &quot;Padre Mugica, de la villa a la CGT&quot;.<br \/>\nAl finalizar la obra de teatro, Taiana expres\u00f3: &quot;El sentido de esta representaci\u00f3n es mostrar la vigencia de las banderas de solidaridad, justicia social y lucha por los m\u00e1s humildes que levant\u00f3 el Padre Carlos Mugica. El ejemplo de Carlos tiene que seguir guiando nuestra lucha en favor de los que menos tienen, que hoy son los m\u00e1s perjudicados por las consecuencias de este modelo econ\u00f3mico restaurador y olig\u00e1rquico&quot;.<br \/>\nEstuvieron presentes Juan Carlos Schmid, secretario general de CGT; Jorge Taiana, Vicepresidente del Parlasur y dirigente del Movimiento Evita; Juan Pablo Brey, referente de la Juventud Sindical; Luis C\u00e1ceres, secretario general de UOLRA y Sebasti\u00e1n Demiryi, secretario pol\u00edtico del Movimiento Evita CABA.<\/p>\n","protected":false},"excerpt":{"rendered":"<p>\u00a0 En la Parroquia Virgen de los Milagros de Caacup\u00e9 de la Villa 21 de Barracas, se llev\u00f3 a cabo una jornada de formaci\u00f3n y reflexi\u00f3n conjunta entre las organizaciones gremiales vinculadas a la CGT y los Movimientos Populares. A trav\u00e9s de la obra de teatro \u201cPadre Carlos, Rey Pescador\u201d, que relata la vida y [&hellip;]<\/p>\n","protected":false},"author":1,"featured_media":8021,"comment_status":"open","ping_status":"open","sticky":false,"template":"","format":"standard","meta":{"_et_pb_use_builder":"","_et_pb_old_content":"","_et_gb_content_width":"","footnotes":""},"categories":[11,32],"tags":[],"class_list":["post-8020","post","type-post","status-publish","format-standard","has-post-thumbnail","hentry","category-ciudad","category-comunas"],"_links":{"self":[{"href":"https:\/\/vocesdebaires.com.ar\/index.php\/wp-json\/wp\/v2\/posts\/8020"}],"collection":[{"href":"https:\/\/vocesdebaires.com.ar\/index.php\/wp-json\/wp\/v2\/posts"}],"about":[{"href":"https:\/\/vocesdebaires.com.ar\/index.php\/wp-json\/wp\/v2\/types\/post"}],"author":[{"embeddable":true,"href":"https:\/\/vocesdebaires.com.ar\/index.php\/wp-json\/wp\/v2\/users\/1"}],"replies":[{"embeddable":true,"href":"https:\/\/vocesdebaires.com.ar\/index.php\/wp-json\/wp\/v2\/comments?post=8020"}],"version-history":[{"count":0,"href":"https:\/\/vocesdebaires.com.ar\/index.php\/wp-json\/wp\/v2\/posts\/8020\/revisions"}],"wp:featuredmedia":[{"embeddable":true,"href":"https:\/\/vocesdebaires.com.ar\/index.php\/wp-json\/wp\/v2\/media\/8021"}],"wp:attachment":[{"href":"https:\/\/vocesdebaires.com.ar\/index.php\/wp-json\/wp\/v2\/media?parent=8020"}],"wp:term":[{"taxonomy":"category","embeddable":true,"href":"https:\/\/vocesdebaires.com.ar\/index.php\/wp-json\/wp\/v2\/categories?post=8020"},{"taxonomy":"post_tag","embeddable":true,"href":"https:\/\/vocesdebaires.com.ar\/index.php\/wp-json\/wp\/v2\/tags?post=8020"}],"curies":[{"name":"wp","href":"https:\/\/api.w.org\/{rel}","templated":true}]}}