{"id":8022,"date":"2017-04-24T03:00:00","date_gmt":"2017-04-24T06:00:00","guid":{"rendered":"http:\/\/vocesdebaires.com.ar\/wordpress\/index.php\/2017\/04\/24\/distincionsimposio-sobre-cambio-climatico\/"},"modified":"2017-04-24T03:00:00","modified_gmt":"2017-04-24T06:00:00","slug":"distincionsimposio-sobre-cambio-climatico","status":"publish","type":"post","link":"https:\/\/vocesdebaires.com.ar\/index.php\/2017\/04\/24\/distincionsimposio-sobre-cambio-climatico\/","title":{"rendered":"Distinci\u00f3n:Simposio sobre cambio clim\u00e1tico"},"content":{"rendered":"<p>\u00a0<br \/>\nEntidades universitarias y de investigaci\u00f3n del cambio clim\u00e1tico organizaron este simposio de acci\u00f3n internacional, a realizarse durante 2017 en Buenos Aires -del 18 al 23 de abril-, Zaragoza, Kualu Lumpur y Bonn, entre otras ciudades del mundo. El encuentro fue declarado de inter\u00e9s Cultural, Cient\u00edfico y Ambiental para la Legislatura porte\u00f1a, a trav\u00e9s de una iniciativa de la diputada Mar\u00eda Patricia Vischi (Suma+).<br \/>\n&quot;El flagelo del cambio clim\u00e1tico est\u00e1 dejando consecuencias muy importantes en nuestro pa\u00eds como podemos ver en las recientes inundaciones. Tenemos que mitigar esta problem\u00e1tica, trabajando juntos la pol\u00edtica y especialistas&quot;, sostuvo Vischi en la apertura del acto. Tambi\u00e9n destac\u00f3 que desde la Legislatura se cre\u00f3 el a\u00f1o pasado un Foro de lucha contra el Cambio Clim\u00e1tico para colaborar en el establecimiento de acciones, instrumentos y estrategias para atenuar los da\u00f1os del calentamiento global.<br \/>\nEl principal objetivo de este simposio es que los debates apoyados en experiencias concretas provean ideas a los gobiernos, y a otros sectores de la econom\u00eda, la industria, la producci\u00f3n y la sociedad, para que los incorporen en sus planes de acci\u00f3n de lucha. En representaci\u00f3n de la Universidad de la Defensa Nacional (UNDEF), uno de los organismos organizadores de la jornada, particip\u00f3 el doctor Carlos Ferreyra Nu\u00f1ez, quien destac\u00f3: &quot;El incremento de temperatura que no es asimilable en la regi\u00f3n traer\u00e1 consecuencias a futuras generaciones&quot;.<br \/>\nDurante el encuentro se realiz\u00f3 una proyecci\u00f3n de un video producido por la Organizaci\u00f3n de Naciones Unidas (ONU) para promover el conocimiento y la acci\u00f3n global ante los impactos del cambio clim\u00e1tico. Los fundamentos del proyecto de distinci\u00f3n que propuso la diputada establece que &quot;el conjunto de las naciones vinculada al sistema de Naciones Unidas quieren sembrar acciones s\u00f3lidas para cosechar un futuro razonable desde la perspectiva de su desarrollo y la calidad de vida de sus ciudadanos y de las generaciones por venir, y a la vez lograr que las consecuencias e impactos negativos de la acci\u00f3n antropog\u00e9nica puedan ser controlados, y entre otros resultados a lograr, poder contener el crecimiento de la temperatura global por debajo de los 2 grados cent\u00edgrados&quot;.<br \/>\nLas conferencias, as\u00ed como los talleres territoriales y sectoriales integrados en el programa oficial del evento, analizar\u00e1n y debatir\u00e1n en profundidad la robustez de la informaci\u00f3n existente sobre los determinantes y consecuencias del calentamiento global, la solidez y transparencia de los inventarios nacionales de emisi\u00f3n de gases de efecto invernadero, los compromisos adquiridos ante la comunidad de naciones para reducir dichas emisiones y la eficacia de estrategias regionales.<br \/>\nActualmente existen convenios de colaboraci\u00f3n en la lucha por el calentamiento global entre la Universidad de la Defensa Nacional, la Universidad Tecnol\u00f3gica de la Naci\u00f3n, la Universidad de Zaragoza, el Panel Internacional de Investigadores y Programas ante el Cambio Clim\u00e1tico, colectivo de profesionales argentinos de la medicina, la ingenier\u00eda, el derecho, la sociolog\u00eda y la meteorolog\u00eda. &lt;a&gt;<\/a><\/p>\n","protected":false},"excerpt":{"rendered":"<p>\u00a0 Entidades universitarias y de investigaci\u00f3n del cambio clim\u00e1tico organizaron este simposio de acci\u00f3n internacional, a realizarse durante 2017 en Buenos Aires -del 18 al 23 de abril-, Zaragoza, Kualu Lumpur y Bonn, entre otras ciudades del mundo. El encuentro fue declarado de inter\u00e9s Cultural, Cient\u00edfico y Ambiental para la Legislatura porte\u00f1a, a trav\u00e9s de [&hellip;]<\/p>\n","protected":false},"author":1,"featured_media":8023,"comment_status":"open","ping_status":"open","sticky":false,"template":"","format":"standard","meta":{"_et_pb_use_builder":"","_et_pb_old_content":"","_et_gb_content_width":"","footnotes":""},"categories":[11,33],"tags":[],"class_list":["post-8022","post","type-post","status-publish","format-standard","has-post-thumbnail","hentry","category-ciudad","category-sociedad-y-cultura-2"],"_links":{"self":[{"href":"https:\/\/vocesdebaires.com.ar\/index.php\/wp-json\/wp\/v2\/posts\/8022"}],"collection":[{"href":"https:\/\/vocesdebaires.com.ar\/index.php\/wp-json\/wp\/v2\/posts"}],"about":[{"href":"https:\/\/vocesdebaires.com.ar\/index.php\/wp-json\/wp\/v2\/types\/post"}],"author":[{"embeddable":true,"href":"https:\/\/vocesdebaires.com.ar\/index.php\/wp-json\/wp\/v2\/users\/1"}],"replies":[{"embeddable":true,"href":"https:\/\/vocesdebaires.com.ar\/index.php\/wp-json\/wp\/v2\/comments?post=8022"}],"version-history":[{"count":0,"href":"https:\/\/vocesdebaires.com.ar\/index.php\/wp-json\/wp\/v2\/posts\/8022\/revisions"}],"wp:featuredmedia":[{"embeddable":true,"href":"https:\/\/vocesdebaires.com.ar\/index.php\/wp-json\/wp\/v2\/media\/8023"}],"wp:attachment":[{"href":"https:\/\/vocesdebaires.com.ar\/index.php\/wp-json\/wp\/v2\/media?parent=8022"}],"wp:term":[{"taxonomy":"category","embeddable":true,"href":"https:\/\/vocesdebaires.com.ar\/index.php\/wp-json\/wp\/v2\/categories?post=8022"},{"taxonomy":"post_tag","embeddable":true,"href":"https:\/\/vocesdebaires.com.ar\/index.php\/wp-json\/wp\/v2\/tags?post=8022"}],"curies":[{"name":"wp","href":"https:\/\/api.w.org\/{rel}","templated":true}]}}