{"id":8030,"date":"2017-04-24T03:00:00","date_gmt":"2017-04-24T06:00:00","guid":{"rendered":"http:\/\/vocesdebaires.com.ar\/wordpress\/index.php\/2017\/04\/24\/homenaje-horacio-gonzalez-ciudadano-ilustre\/"},"modified":"2017-04-24T03:00:00","modified_gmt":"2017-04-24T06:00:00","slug":"homenaje-horacio-gonzalez-ciudadano-ilustre","status":"publish","type":"post","link":"https:\/\/vocesdebaires.com.ar\/index.php\/2017\/04\/24\/homenaje-horacio-gonzalez-ciudadano-ilustre\/","title":{"rendered":"Homenaje: Horacio Gonz\u00e1lez, ciudadano ilustre"},"content":{"rendered":"<p>\u00a0<br \/>\nEl doctor, ensayista y profesor universitario Horacio Gonz\u00e1lez fue declarado ciudadano ilustre. El acto lo organiz\u00f3 el diputado Carlos Tomada (FPV), acompa\u00f1ado por sus pares del bloque que preside y dijo: \u201ces una alegr\u00eda ver a tanta gente que lo quiere, valora y respeta\u201d Tomada, autor de la iniciativa cont\u00f3 que la declaraci\u00f3n fue \u201cuna decisi\u00f3n de todo el bloque del Frente para la Victoria\u201d. Describi\u00f3 al ilustre como \u201calguien que ha hecho del intelectual, un ejercicio de la militancia pol\u00edtica, que es una diferencia de otros, y que asumi\u00f3 un compromiso\u201d<br \/>\nHoracio Gonz\u00e1lez, soci\u00f3logo por la de Universidad de Buenos Aires (UBA) y doctor en Ciencias Sociales por la Universidad de S\u00e3o Paulo, Brasil, en 1992; \u201csiempre ha sido lo que es, en los 70, los 90 y a comienzos de este siglo XXI; con su perseverancia y permanencia en el tiempo en ese rol de cuestionador\u201d. Valoriz\u00f3 \u201csu provocaci\u00f3n para que le pongamos contenido\u201d, a las pol\u00edticas que desarrolla el\u00a0 FPV. Jorge Alem\u00e1n, psicoanalista argentino que reside en Espa\u00f1a desde 1976 y fue nombrado por ese pa\u00eds como comendador de la Orden de Isabel la Cat\u00f3lica; tambi\u00e9n habl\u00f3 de su amigo con el cual \u201ctengo una serie de encuentros important\u00edsimos\u201d para su desarrollo profesional.<br \/>\nA Gonz\u00e1lez lo caracteriz\u00f3 \u201cpor su disponibilidad, lo que le permite sus sustracci\u00f3n\u201d, cuesti\u00f3n que no le impide \u201cestar en lo m\u00e1s \u00edntimo del tema, comprometido desde lo m\u00e1s profundo, pero a su vez est\u00e1 afuera\u201d para poder analizar. La investigadora y educadora Mar\u00eda P\u00eda L\u00f3pez destac\u00f3 que el ilustre \u201ces un intelectual que piensa en el compromiso con la democracia\u201d. Gonz\u00e1lez desde 1968 ejerce la docencia universitaria y es profesor titular en la UBA y en la Universidad Nacional de Rosario, entre otras. Adem\u00e1s fue nombrado doctor Honoris Causa por la Universidad Nacional de La Plata,\u00a0 Universidad Aut\u00f3noma de Entre R\u00edos y la Universidad Argentina de la Empresa.<br \/>\nL\u00f3pez aclar\u00f3 que Gonz\u00e1lez es \u201cnuestro profesor, maestro de todos\u201d que \u201centiende la acci\u00f3n como modo pr\u00e1ctico del pensamiento\u201d, donde nos insta a \u201cser libres y l\u00facidos\u201d, que estim\u00f3 necesaria para la rep\u00fablica.En el \u00e1mbito p\u00fablico Gonz\u00e1lez tambi\u00e9n se desempe\u00f1\u00f3 como director de la Biblioteca Nacional hasta 2015 y fue miembro fundador de Carta Abierta, colectivo que marc\u00f3 agenda de debate sobre temas de incumbencia para el pa\u00eds. Luego de recibir la distinci\u00f3n, Gonz\u00e1lez se dirigi\u00f3 al numeroso p\u00fablico en el sal\u00f3n Dorado: \u201cacepto todas las palabras que me han brindado y\u00a0 Tomada es un compa\u00f1ero con gran sensibilidad pol\u00edtica\u201d e\u00a0 inspeccion\u00f3 sobre la actitud: \u201cquien se aparta del centro, quiere volver desde otro lugar\u201d<br \/>\nRecord\u00f3 sus inicios pol\u00edticos y cit\u00f3 a personalidades que lo marcaron: el dirigente gremial Raimundo Ongaro, el periodista Rodolfo Walsh, el ensayista Arturo Jauretche, al pol\u00edtico John William Cook y al guionista H\u00e9ctor Germ\u00e1n Oesterheld, entre otros. Y dijo que \u201cla conmemoraci\u00f3n es pensar juntos el pasado, abrirlo. La nostalgia es una fuerza productiva en la historia\u201d.Hay que subrayar que los campos de estudio de Gonz\u00e1lez incluyen la est\u00e9tica y el arte, la sociolog\u00eda, la historia, la pol\u00edtica y \u201cla construcci\u00f3n del pensamiento argentino y latinoamericano desde posiciones que cuestionan su inserci\u00f3n perif\u00e9rica en el trabajo intelectual global\u201d, de acuerdo a los fundamentos de la ley 5746. A lo largo de su trayectoria public\u00f3 m\u00e1s de 20 libros y particip\u00f3 en las revistas de cr\u00edtica pol\u00edtica Unidos y El Ojo Mocho, entre otras.<br \/>\nNaci\u00f3 y vivi\u00f3 siempre en distintos barrios de la ciudad de Buenos Aires. Durante el acto estuvieron los legisladores del FPV Jos\u00e9 Cruz Campagnoli, Andrea Conde, Paula Penacca, Magdalena Tiesso y numerosas personalidades del \u00e1mbito pol\u00edtico y cultural como Teresa Parodi, Liliana Herrero, Ricardo Forster, Arturo Bonin, Mariano Recalde, Jorge Taiana, Eduardo Jozami, Gabriela Cerrutti, Gabriela Alegre, Victoria Montenegro, Taty Almeida y Nora Corti\u00f1as, entre otros.<\/p>\n","protected":false},"excerpt":{"rendered":"<p>\u00a0 El doctor, ensayista y profesor universitario Horacio Gonz\u00e1lez fue declarado ciudadano ilustre. El acto lo organiz\u00f3 el diputado Carlos Tomada (FPV), acompa\u00f1ado por sus pares del bloque que preside y dijo: \u201ces una alegr\u00eda ver a tanta gente que lo quiere, valora y respeta\u201d Tomada, autor de la iniciativa cont\u00f3 que la declaraci\u00f3n fue [&hellip;]<\/p>\n","protected":false},"author":1,"featured_media":8031,"comment_status":"open","ping_status":"open","sticky":false,"template":"","format":"standard","meta":{"_et_pb_use_builder":"","_et_pb_old_content":"","_et_gb_content_width":"","footnotes":""},"categories":[11,33],"tags":[],"class_list":["post-8030","post","type-post","status-publish","format-standard","has-post-thumbnail","hentry","category-ciudad","category-sociedad-y-cultura-2"],"_links":{"self":[{"href":"https:\/\/vocesdebaires.com.ar\/index.php\/wp-json\/wp\/v2\/posts\/8030"}],"collection":[{"href":"https:\/\/vocesdebaires.com.ar\/index.php\/wp-json\/wp\/v2\/posts"}],"about":[{"href":"https:\/\/vocesdebaires.com.ar\/index.php\/wp-json\/wp\/v2\/types\/post"}],"author":[{"embeddable":true,"href":"https:\/\/vocesdebaires.com.ar\/index.php\/wp-json\/wp\/v2\/users\/1"}],"replies":[{"embeddable":true,"href":"https:\/\/vocesdebaires.com.ar\/index.php\/wp-json\/wp\/v2\/comments?post=8030"}],"version-history":[{"count":0,"href":"https:\/\/vocesdebaires.com.ar\/index.php\/wp-json\/wp\/v2\/posts\/8030\/revisions"}],"wp:featuredmedia":[{"embeddable":true,"href":"https:\/\/vocesdebaires.com.ar\/index.php\/wp-json\/wp\/v2\/media\/8031"}],"wp:attachment":[{"href":"https:\/\/vocesdebaires.com.ar\/index.php\/wp-json\/wp\/v2\/media?parent=8030"}],"wp:term":[{"taxonomy":"category","embeddable":true,"href":"https:\/\/vocesdebaires.com.ar\/index.php\/wp-json\/wp\/v2\/categories?post=8030"},{"taxonomy":"post_tag","embeddable":true,"href":"https:\/\/vocesdebaires.com.ar\/index.php\/wp-json\/wp\/v2\/tags?post=8030"}],"curies":[{"name":"wp","href":"https:\/\/api.w.org\/{rel}","templated":true}]}}