{"id":8034,"date":"2017-04-24T03:00:00","date_gmt":"2017-04-24T06:00:00","guid":{"rendered":"http:\/\/vocesdebaires.com.ar\/wordpress\/index.php\/2017\/04\/24\/hoy-102-aniversario-del-genocidio-armenio\/"},"modified":"2017-04-24T03:00:00","modified_gmt":"2017-04-24T06:00:00","slug":"hoy-102-aniversario-del-genocidio-armenio","status":"publish","type":"post","link":"https:\/\/vocesdebaires.com.ar\/index.php\/2017\/04\/24\/hoy-102-aniversario-del-genocidio-armenio\/","title":{"rendered":"Hoy  102\u00b0 aniversario del Genocidio Armenio"},"content":{"rendered":"<p>\u00a0<br \/>\nHoy se recuerda el 102\u00b0 aniversario del Genocidio Armenio con una marcha a partir de las 19 hs desde la Facultad de Derecho de la UBA (Av. Figueroa Alcorta 2263, CABA) hasta la residencia de la embajadora de Turqu\u00eda. Se espera la presencia de la vicepresidenta Gabriela Michetti durante la misa a las 18 hs en la Catedral San Gregorio el Iluminador (Armenia 1353, CABA). El Genocidio Armenio fue el exterminio sistem\u00e1tico y planificado de la poblaci\u00f3n armenia en el Imperio Otomano, actual Rep\u00fablica de Turqu\u00eda. El 24 de Abril es la fecha simb\u00f3lica del inicio del genocidio, d\u00eda en que las autoridades otomanas asesinaron a unos 250 intelectuales y l\u00edderes armenios en Constantinopla, aunque ya hab\u00eda habido matanzas en a\u00f1os previos.<br \/>\nDurante 1915 y 1923 se produjeron matanzas a la poblaci\u00f3n masculina en su mayor\u00eda, deportaci\u00f3n forzada de mujeres, ni\u00f1os, ancianos y enfermos en las &quot;caravanas de la muerte&quot;, oblig\u00e1ndolos a transitar el desierto sirio sin agua ni alimentos, campos de concentraci\u00f3n m\u00f3viles, esclavizaci\u00f3n y violaci\u00f3n de mujeres, robo de identidad y confiscaci\u00f3n de propiedades.La Rep\u00fablica de Turqu\u00eda, el Estado sucesor del Imperio Otomano, mantuvo desde sus inicios una pol\u00edtica de negaci\u00f3n del crimen de lesa humanidad que contin\u00faa hasta la actualidad. El Genocidio Armenio, negado por Turqu\u00eda y Azerbaiy\u00e1n, es reconocido por Argentina, Armenia, B\u00e9lgica, Brasil, Bolivia, Canad\u00e1, Chile, Chipre, Francia, Alemania, Grecia, Italia, Lituania, El L\u00edbano, Pa\u00edses Bajos, Polonia, Rusia, Eslovaquia, Suecia, Suiza, Uruguay, Vaticano y Venezuela, 43 estados de los Estados Unidos, las Naciones Unidas,<br \/>\nEl Parlamento Europeo, el Consejo de Europa, el Consejo Mundial de Iglesias, la Asociaci\u00f3n de Derechos Humanos de Turqu\u00eda, el Tribunal Permanente de los Pueblos, el Mercosur y la Asociaci\u00f3n Internacional de Expertos en Genocidio, entre otros. En 2015, la &quot;Declaraci\u00f3n Pan-Armenia en el Centenario del Genocidio Armenio&quot; expres\u00f3 la voluntad unificada del Estado de Armenia y del pueblo armenio de toda la di\u00e1spora bajo el lema &quot;Memoria y Reclamo&quot;, exigiendo a Turqu\u00eda que reconozca y condene el Genocidio Armenio y elaborando un archivo abarcativo sobre la reparaci\u00f3n como punto de partida en el proceso de restituci\u00f3n de los intereses individuales, comunitarios e internacionales.<br \/>\n&quot;Tanto Turqu\u00eda como Azerbaiy\u00e1n, dos Estados negacionistas, entienden que los armenios de todo el mundo son sus enemigos&quot;, explic\u00f3 el Consejo Nacional Armenio de Sudam\u00e9rica en un comunicado. &quot;El presidente de Azerbaiy\u00e1n, Ilham Aliyev, lo expres\u00f3 p\u00fablicamente en estos t\u00e9rminos, mientras que Turqu\u00eda no hace esfuerzos por ocultarlo. Su canciller\u00eda, por ejemplo, ha expresado su caracterizaci\u00f3n nefasta sobre la comunidad armenia de Argentina al culparla por la posici\u00f3n del Papa Francisco frente al genocidio armenio. El fracaso de sus intentos de negar lo ocurrido en t\u00e9rminos absolutos, llev\u00f3 a Turqu\u00eda a nuevas estrategias, como el intento de establecer un &#8216;di\u00e1logo&#8217; con la precondici\u00f3n de que se eludiera la caracterizaci\u00f3n de genocidio y se clausurara cualquier discusi\u00f3n sobre su impacto contempor\u00e1neo&quot;.<br \/>\nEn ese sentido, el organismo record\u00f3 que &quot;con el fin de apartar la atenci\u00f3n de ese urgente conjunto de medidas reparatorias&quot;, Turqu\u00eda &quot;ensaya sus ya remanidas argucias negacionistas&quot;. &quot;Lamentablemente, algunas encuentran favorable acogida en \u200bciertos interlocutores, como aquella que postula que no puede caracterizarse lo ocurrido entre 1915 y 1923 en el Imperio Otomano como un genocidio, dado que precede a la &#8216;Convenci\u00f3n para la prevenci\u00f3n y la sanci\u00f3n del delito de genocidio&#8217; de 1948&quot;, aunque &quot;la &#8216;Convenci\u00f3n&#8217; codific\u00f3 la prohibici\u00f3n del genocidio, que ya constitu\u00eda una norma de derecho internacional vinculante&quot;.<br \/>\nEn Argentina, el Genocidio Armenio fue reconocido por los tres poderes del Estado. En 1987, el presidente Ra\u00fal Alfons\u00edn reconoci\u00f3 el Genocidio Armenio durante un acto ante la comunidad armenia. En el a\u00f1o 2007, el Congreso de la Naci\u00f3n aprob\u00f3 la Ley 26.199, promulgada por el entonces presidente N\u00e9stor Kirchner, que declar\u00f3 el 24 de abril como el \u201cD\u00eda de acci\u00f3n por la tolerancia y el respeto entre los pueblos\u201d, \u201cen conmemoraci\u00f3n del genocidio de que fue v\u00edctima el pueblo armenio y con el esp\u00edritu de que su memoria sea una lecci\u00f3n permanente sobre los pasos del presente y las metas de nuestro futuro\u201d. En 2011, un fallo de la justicia argentina resolvi\u00f3 que &quot;el Estado turco ha cometido delito de genocidio en perjuicio del pueblo armenio&quot;.<\/p>\n","protected":false},"excerpt":{"rendered":"<p>\u00a0 Hoy se recuerda el 102\u00b0 aniversario del Genocidio Armenio con una marcha a partir de las 19 hs desde la Facultad de Derecho de la UBA (Av. Figueroa Alcorta 2263, CABA) hasta la residencia de la embajadora de Turqu\u00eda. Se espera la presencia de la vicepresidenta Gabriela Michetti durante la misa a las 18 [&hellip;]<\/p>\n","protected":false},"author":1,"featured_media":8035,"comment_status":"open","ping_status":"open","sticky":false,"template":"","format":"standard","meta":{"_et_pb_use_builder":"","_et_pb_old_content":"","_et_gb_content_width":"","footnotes":""},"categories":[11,33],"tags":[],"class_list":["post-8034","post","type-post","status-publish","format-standard","has-post-thumbnail","hentry","category-ciudad","category-sociedad-y-cultura-2"],"_links":{"self":[{"href":"https:\/\/vocesdebaires.com.ar\/index.php\/wp-json\/wp\/v2\/posts\/8034"}],"collection":[{"href":"https:\/\/vocesdebaires.com.ar\/index.php\/wp-json\/wp\/v2\/posts"}],"about":[{"href":"https:\/\/vocesdebaires.com.ar\/index.php\/wp-json\/wp\/v2\/types\/post"}],"author":[{"embeddable":true,"href":"https:\/\/vocesdebaires.com.ar\/index.php\/wp-json\/wp\/v2\/users\/1"}],"replies":[{"embeddable":true,"href":"https:\/\/vocesdebaires.com.ar\/index.php\/wp-json\/wp\/v2\/comments?post=8034"}],"version-history":[{"count":0,"href":"https:\/\/vocesdebaires.com.ar\/index.php\/wp-json\/wp\/v2\/posts\/8034\/revisions"}],"wp:featuredmedia":[{"embeddable":true,"href":"https:\/\/vocesdebaires.com.ar\/index.php\/wp-json\/wp\/v2\/media\/8035"}],"wp:attachment":[{"href":"https:\/\/vocesdebaires.com.ar\/index.php\/wp-json\/wp\/v2\/media?parent=8034"}],"wp:term":[{"taxonomy":"category","embeddable":true,"href":"https:\/\/vocesdebaires.com.ar\/index.php\/wp-json\/wp\/v2\/categories?post=8034"},{"taxonomy":"post_tag","embeddable":true,"href":"https:\/\/vocesdebaires.com.ar\/index.php\/wp-json\/wp\/v2\/tags?post=8034"}],"curies":[{"name":"wp","href":"https:\/\/api.w.org\/{rel}","templated":true}]}}