{"id":8040,"date":"2017-04-21T03:00:00","date_gmt":"2017-04-21T06:00:00","guid":{"rendered":"http:\/\/vocesdebaires.com.ar\/wordpress\/index.php\/2017\/04\/21\/cincuentenario-del-jardin-japones\/"},"modified":"2017-04-21T03:00:00","modified_gmt":"2017-04-21T06:00:00","slug":"cincuentenario-del-jardin-japones","status":"publish","type":"post","link":"https:\/\/vocesdebaires.com.ar\/index.php\/2017\/04\/21\/cincuentenario-del-jardin-japones\/","title":{"rendered":"Cincuentenario del Jard\u00edn Japon\u00e9s"},"content":{"rendered":"<p>\u00a0<br \/>\nEl 50 aniversario de la inauguraci\u00f3n del Jard\u00edn Japon\u00e9s sito en avenida Casares 2966 del barrio de Palermo, efectuada en el mes de mayo de 1967 ser\u00e1 conmemorado por la Legislatura que dispuso la colocaci\u00f3n de una placa conmemorativa en el lugar. La resoluci\u00f3n se vot\u00f3 seg\u00fan el despacho de la Comisi\u00f3n de Cultura aconsejado por iniciativa de los diputados Natalia Persini, Claudio Ni\u00f1o, Francisco Quintana y Clodomiro Risau (PRO).<br \/>\nEl Jard\u00edn se construy\u00f3 con el aporte y esfuerzo de la colectividad japonesa dentro del parque &quot;Tres de Febrero&quot; como testimonio de la primera visita a la Argentina de los integrantes de la Familia Imperial Japonesa, el entonces Pr\u00edncipe Heredero Akihito y la Princesa Michiko, actuales emperadores del pa\u00eds asi\u00e1tico.<br \/>\nLa Embajada de Jap\u00f3n lo don\u00f3 a la entonces Municipalidad a trav\u00e9s de la Ordenanza N\u00b0 22.372\/67, promulgada por el Decreto N\u00b0 4.935\/67. Cuenta con un centro cultural, un restaurante de cocina japonesa, un vivero, una tienda de artesan\u00edas y hasta una casa de t\u00e9 construida en 1981. Fue declarado como bien de inter\u00e9s hist\u00f3rico-art\u00edstico nacional por la Comisi\u00f3n Nacional de Museos y de Monumentos Hist\u00f3ricos y es de inter\u00e9s tur\u00edstico por la Subsecretar\u00eda de Turismo del Gobierno porte\u00f1o.<br \/>\nDistinguen a revista<br \/>\nEl Cuerpo Legislativo expres\u00f3 su benepl\u00e1cito por los 50 a\u00f1os de la revista &quot;Todo es Historia&quot;, fundada por el historiador F\u00e9lix Luna en mayo de 1967. En este sentido le otorgar\u00e1 un diploma con el siguiente texto: &quot;A la revista Todo es Historia, fundada por el abogado, periodista, historiador y poeta F\u00e9lix Luna. Con motivo de celebrarse el 50\u00ba aniversario de su edici\u00f3n, en pos de la difusi\u00f3n y divulgaci\u00f3n de nuestra historia nacional. Homenaje de la Legislatura de la Ciudad de Buenos Aires 1967-2017&quot;.<br \/>\n&quot;Desde su fundaci\u00f3n, la popular revista ha lanzado casi 600 n\u00fameros y fue adem\u00e1s el canal de difusi\u00f3n de muchos trabajos realizados por destacados historiadores de todo el pa\u00eds. Uno de los objetivos de la publicaci\u00f3n es tratar todos los temas con pluralismo y mostrar las distintas corrientes historiogr\u00e1ficas, con rigurosidad, honestidad sin sectarismos ni exclusiones, para que el lector no tenga una \u00fanica versi\u00f3n del pasado&quot;, sostuvieron en sus fundamentos los autores del proyecto, diputados Carolina Estebarena (PRO) y Claudio Heredia (BP).<br \/>\nPreocupaci\u00f3n por vaciamiento de empresa<br \/>\nEl Cuerpo Parlamentario manifest\u00f3 por unanimidad su preocupaci\u00f3n por la situaci\u00f3n que se encuentran atravesando los trabajadores de la textil &quot;L\u00ednea Globito S.A.I.C.&quot;, sito en la calle Remedios de Escalda de San Martin 2239 del barrio Villa General Mitre, ante el vaciamiento propiciado por la empresa a su cargo. El pasado 6 de abril se declar\u00f3 la quiebra y actualmente los trabajadores se encuentran en posesi\u00f3n del inmueble, organiz\u00e1ndose para poder preservar sus fuentes de trabajo y seguir con la explotaci\u00f3n comercial de la empresa. El legislador Javier Andrade (FpV) impuls\u00f3 la iniciativa.<br \/>\nSolidaridad con Comodoro Rivadavia<br \/>\nMediante una declaraci\u00f3n, el Cuerpo Legislativo expres\u00f3 su solidaridad con la Provincia de Chubut y la ciudad de Comodoro Rivadavia por los grav\u00edsimos da\u00f1os y centenares de evacuados producidos por las inundaciones, y solicit\u00f3 al Poder Ejecutivo que disponga su posible colaboraci\u00f3n solidaria para la respuesta y recuperaci\u00f3n post desastre. El diputado Gabriel Fuks (CNM) impuls\u00f3 la iniciativa.<\/p>\n","protected":false},"excerpt":{"rendered":"<p>\u00a0 El 50 aniversario de la inauguraci\u00f3n del Jard\u00edn Japon\u00e9s sito en avenida Casares 2966 del barrio de Palermo, efectuada en el mes de mayo de 1967 ser\u00e1 conmemorado por la Legislatura que dispuso la colocaci\u00f3n de una placa conmemorativa en el lugar. La resoluci\u00f3n se vot\u00f3 seg\u00fan el despacho de la Comisi\u00f3n de Cultura [&hellip;]<\/p>\n","protected":false},"author":1,"featured_media":8041,"comment_status":"open","ping_status":"open","sticky":false,"template":"","format":"standard","meta":{"_et_pb_use_builder":"","_et_pb_old_content":"","_et_gb_content_width":"","footnotes":""},"categories":[11,32],"tags":[],"class_list":["post-8040","post","type-post","status-publish","format-standard","has-post-thumbnail","hentry","category-ciudad","category-comunas"],"_links":{"self":[{"href":"https:\/\/vocesdebaires.com.ar\/index.php\/wp-json\/wp\/v2\/posts\/8040"}],"collection":[{"href":"https:\/\/vocesdebaires.com.ar\/index.php\/wp-json\/wp\/v2\/posts"}],"about":[{"href":"https:\/\/vocesdebaires.com.ar\/index.php\/wp-json\/wp\/v2\/types\/post"}],"author":[{"embeddable":true,"href":"https:\/\/vocesdebaires.com.ar\/index.php\/wp-json\/wp\/v2\/users\/1"}],"replies":[{"embeddable":true,"href":"https:\/\/vocesdebaires.com.ar\/index.php\/wp-json\/wp\/v2\/comments?post=8040"}],"version-history":[{"count":0,"href":"https:\/\/vocesdebaires.com.ar\/index.php\/wp-json\/wp\/v2\/posts\/8040\/revisions"}],"wp:featuredmedia":[{"embeddable":true,"href":"https:\/\/vocesdebaires.com.ar\/index.php\/wp-json\/wp\/v2\/media\/8041"}],"wp:attachment":[{"href":"https:\/\/vocesdebaires.com.ar\/index.php\/wp-json\/wp\/v2\/media?parent=8040"}],"wp:term":[{"taxonomy":"category","embeddable":true,"href":"https:\/\/vocesdebaires.com.ar\/index.php\/wp-json\/wp\/v2\/categories?post=8040"},{"taxonomy":"post_tag","embeddable":true,"href":"https:\/\/vocesdebaires.com.ar\/index.php\/wp-json\/wp\/v2\/tags?post=8040"}],"curies":[{"name":"wp","href":"https:\/\/api.w.org\/{rel}","templated":true}]}}