{"id":8042,"date":"2017-04-21T03:00:00","date_gmt":"2017-04-21T06:00:00","guid":{"rendered":"http:\/\/vocesdebaires.com.ar\/wordpress\/index.php\/2017\/04\/21\/juro-nueva-integrante-del-consejo-de-la-magistratura\/"},"modified":"2017-04-21T03:00:00","modified_gmt":"2017-04-21T06:00:00","slug":"juro-nueva-integrante-del-consejo-de-la-magistratura","status":"publish","type":"post","link":"https:\/\/vocesdebaires.com.ar\/index.php\/2017\/04\/21\/juro-nueva-integrante-del-consejo-de-la-magistratura\/","title":{"rendered":"Jur\u00f3 nueva integrante del Consejo de la Magistratura"},"content":{"rendered":"<p>\u00a0<br \/>\nLa doctora Silvia Lorelay Bianco jur\u00f3 ayer en la Legislatura porte\u00f1a ante la Vicepresidenta del cuerpo diputada Carmen Polledo, como nuevo miembro titular del Consejo de la Magistratura de la Ciudad de Buenos Aires.El plenario del Consejo de la Magistratura est\u00e1 compuesto por nueve miembros: tres en representaci\u00f3n del estamento de los jueces, tres por los abogados y tres en representaci\u00f3n de la Legislatura. Bianco asume la vacante producida en el plenario de consejeros por la reciente muerte de Enzo Pagani, quien era el presidente de esa instituci\u00f3n.<br \/>\nPr\u00f3ximamente los consejeros se reunir\u00e1n para elegir un nuevo presidente con mandato hasta diciembre del 2019. La doctora Bianco es abogada egresada de la Facultad de Derecho de la UBA, pertenece al Colegio P\u00fablico de Abogados de la Ciudad de Buenos Aires y hab\u00eda sido elegida en el 2015 como consejera suplente junto al fallecido Pagani.<br \/>\nPesar por el femicidio de Micaela Garc\u00eda<br \/>\nLa Legislatura de la Ciudad Aut\u00f3noma de Buenos Aires declar\u00f3 su m\u00e1s profundo pesar por el asesinato de la joven Micaela Garc\u00eda, v\u00edctima de un nuevo femicidio ocurrido en la localidad de Gualeguay, provincia de Entre R\u00edos. Asimismo se compromete a profundizar las pol\u00edticas p\u00fablicas que garanticen la igualdad de g\u00e9nero. En la ma\u00f1ana del s\u00e1bado 8 de abril fue hallado el cuerpo sin vida de Micaela Garc\u00eda (21 a\u00f1os) luego de una semana en que fuera denunciada su desaparici\u00f3n, en la ciudad entrerriana. Por su femicidio est\u00e1 acusado Sebasti\u00e1n Wagner (30 a\u00f1os), quien fue detenido el pasado s\u00e1bado 7 en la localidad bonaerense de Moreno.<br \/>\nLa estad\u00edstica de femicidios s\u00f3lo en 2016 contabiliza uno cada 30 horas en Argentina; una tasa que se sostiene en los \u00faltimos a\u00f1os, tal como revel\u00f3 el informe presentado por La Casa del Encuentro, que comput\u00f3 290 entre el primer d\u00eda de 2016 y el 31 de diciembre de ese mismo a\u00f1o, asesinatos que dejaron sin mam\u00e1 a 401 hijos, 242 de ellos menores de edad. El texto consensuado fue presentado por los diputados Andrea Conde, Javier Andrade, Jos\u00e9 Cruz Campagnoli, Pablo Ferreyra, Lorena Pokoik, Magdalena Tiesso (FpV), Silvia Gottero (BP), Laura Marrone (FIT) y Eduardo Petrini (PRO).<br \/>\nReconocimiento a Observatorio<br \/>\nEl Observatorio de la Deuda Social Argentina (ODSA-UCA) recibi\u00f3 el reconocimiento de la Legislatura de la Ciudad Aut\u00f3noma de Buenos Aires por su labor y los aportes realizados al debate p\u00fablico sobre la pobreza, la marginalidad, la desintegraci\u00f3n social y la desigualdad econ\u00f3mica en la ciudad y el pa\u00eds desde hace 15 a\u00f1os. En ese sentido, dispuso la elaboraci\u00f3n de una bandeja de plata que ser\u00e1 entregada a las autoridades del instituto.<br \/>\nEl objetivo principal del Observatorio consiste en estudiar, evaluar y monitorear el estado del desarrollo humano y social en la Rep\u00fablica Argentina. Para ello, tiene en cuenta par\u00e1metros normativos nacionales e internacionales, considerando que el incumplimiento de tales normas constituye una forma de medir la &quot;Deuda Social&quot; de nuestro pa\u00eds. Para cumplir con este prop\u00f3sito, cuenta con un equipo multidisciplinario de investigadores y becarios que llevan adelante el estudio integral de la realidad social urbana medida en t\u00e9rminos de logros y d\u00e9ficit de desarrollo humano e integraci\u00f3n social. La iniciativa fue presentada por la diputada Natalia Fidel (SUMA+) y sus pares Jos\u00e9 Luis Acevedo (PRO), Javier Gentilini (FR), Graciela Oca\u00f1a (CP) y Gustavo Vera (BC).<br \/>\nBenepl\u00e1cito por logro de la UBA<br \/>\nLa Legislatura porte\u00f1a declar\u00f3 &quot;su benepl\u00e1cito por la inclusi\u00f3n de la Universidad de Buenos Aires -UBA- entre las 100 mejores casas de estudio del mundo por el ranking mundial de universidades QS&quot;. Se aprob\u00f3 sobre tablas mediante un despacho de la Comisi\u00f3n de Educaci\u00f3n, Ciencia y Tecnolog\u00eda a partir de una presentaci\u00f3n de los\/las diputados\/as Marcelo Guouman, Hern\u00e1n Rossi, Natalia Fidel, y Mar\u00eda Vischi (SUMA+).<br \/>\nLa edici\u00f3n 2016 del prestigioso ranking mundial de universidades QS ubic\u00f3 a la UBA en el puesto 86 a nivel mundial y sobre todo indic\u00f3 que la principal casa de estudios de nuestro distrito se encuentra en la \u00e9lite de la educaci\u00f3n superior a nivel mundial ya que se destaca en el 70% de las \u00e1reas de su aprendizaje. En las 10 categor\u00edas evaluadas, la instituci\u00f3n educativa figura entre las mejores 100: Arte y Dise\u00f1o (31), Antropolog\u00eda (38), Lenguas Modernas (38), Sociolog\u00eda (47), Filosof\u00eda (51-100), Agricultura y Ciencias Forestales (51-100), Educaci\u00f3n (51-100), Historia (51-100), Derecho (51-100), Anatom\u00eda y Fisiolog\u00eda (51-100).&#8212;&#8212;&#8212;&#8212;&#8212;&#8212;&#8212;&#8212;&#8212;&#8212;&#8212;&#8212;&#8212;&#8212;&#8212;&#8212;&#8212;&#8212;&#8212;&#8212;&#8212;&#8212;&#8212;&#8212;&#8212;&#8212;&#8212;&#8212;&#8212;&#8212;&#8212;&#8212;&#8212;&#8212;&#8212;&#8212;&#8212;&#8212;&#8212;&#8212;&#8212;&#8212;&#8212;&#8212;&#8212;&#8212;&#8212;&#8212;&#8212;&#8212;&#8212;&#8212;&#8212;&#8212;&#8212;&#8212;&#8212;&#8212;&#8212;&#8212;&#8212;&#8212;&#8212;&#8212;&#8212;&#8212;&#8212;&#8212;&#8212;&#8212;&#8212;&#8212;&#8212;&#8212;&#8212;&#8212;&#8212;&#8212;&#8212;&#8212;&#8212;&#8212;&#8212;&#8212;&#8212;&#8212;&#8212;&#8212;&#8212;&#8212;&#8212;&#8212;&#8212;&#8212;&#8212;&#8212;&#8212;&#8212;&#8212;&#8212;&#8212;&#8212;&#8212;&#8212;&#8212;&#8212;&#8212;<\/p>\n","protected":false},"excerpt":{"rendered":"<p>\u00a0 La doctora Silvia Lorelay Bianco jur\u00f3 ayer en la Legislatura porte\u00f1a ante la Vicepresidenta del cuerpo diputada Carmen Polledo, como nuevo miembro titular del Consejo de la Magistratura de la Ciudad de Buenos Aires.El plenario del Consejo de la Magistratura est\u00e1 compuesto por nueve miembros: tres en representaci\u00f3n del estamento de los jueces, tres [&hellip;]<\/p>\n","protected":false},"author":1,"featured_media":8043,"comment_status":"open","ping_status":"open","sticky":false,"template":"","format":"standard","meta":{"_et_pb_use_builder":"","_et_pb_old_content":"","_et_gb_content_width":"","footnotes":""},"categories":[11,33],"tags":[],"class_list":["post-8042","post","type-post","status-publish","format-standard","has-post-thumbnail","hentry","category-ciudad","category-sociedad-y-cultura-2"],"_links":{"self":[{"href":"https:\/\/vocesdebaires.com.ar\/index.php\/wp-json\/wp\/v2\/posts\/8042"}],"collection":[{"href":"https:\/\/vocesdebaires.com.ar\/index.php\/wp-json\/wp\/v2\/posts"}],"about":[{"href":"https:\/\/vocesdebaires.com.ar\/index.php\/wp-json\/wp\/v2\/types\/post"}],"author":[{"embeddable":true,"href":"https:\/\/vocesdebaires.com.ar\/index.php\/wp-json\/wp\/v2\/users\/1"}],"replies":[{"embeddable":true,"href":"https:\/\/vocesdebaires.com.ar\/index.php\/wp-json\/wp\/v2\/comments?post=8042"}],"version-history":[{"count":0,"href":"https:\/\/vocesdebaires.com.ar\/index.php\/wp-json\/wp\/v2\/posts\/8042\/revisions"}],"wp:featuredmedia":[{"embeddable":true,"href":"https:\/\/vocesdebaires.com.ar\/index.php\/wp-json\/wp\/v2\/media\/8043"}],"wp:attachment":[{"href":"https:\/\/vocesdebaires.com.ar\/index.php\/wp-json\/wp\/v2\/media?parent=8042"}],"wp:term":[{"taxonomy":"category","embeddable":true,"href":"https:\/\/vocesdebaires.com.ar\/index.php\/wp-json\/wp\/v2\/categories?post=8042"},{"taxonomy":"post_tag","embeddable":true,"href":"https:\/\/vocesdebaires.com.ar\/index.php\/wp-json\/wp\/v2\/tags?post=8042"}],"curies":[{"name":"wp","href":"https:\/\/api.w.org\/{rel}","templated":true}]}}