{"id":8047,"date":"2017-04-21T03:00:00","date_gmt":"2017-04-21T06:00:00","guid":{"rendered":"http:\/\/vocesdebaires.com.ar\/wordpress\/index.php\/2017\/04\/21\/ciudad-portena-presidente-de-italia-visitante-ilustre\/"},"modified":"2017-04-21T03:00:00","modified_gmt":"2017-04-21T06:00:00","slug":"ciudad-portena-presidente-de-italia-visitante-ilustre","status":"publish","type":"post","link":"https:\/\/vocesdebaires.com.ar\/index.php\/2017\/04\/21\/ciudad-portena-presidente-de-italia-visitante-ilustre\/","title":{"rendered":"Ciudad porte\u00f1a: Presidente de Italia, Visitante Ilustre"},"content":{"rendered":"<p>\u00a0<br \/>\nPor iniciativa de los diputados Carmen Polledo y Francisco Quintana (PRO), la Legislatura declar\u00f3 Visitante Ilustre al Presidente de la Rep\u00fablica de Italia, Dr. Sergio Mattarella quien se encontrar\u00e1 de visita en la Ciudad del 7 al 9 de mayo del corriente a\u00f1o.<br \/>\nHu\u00e9spedes de Honor<br \/>\nEl Cuerpo Parlamentario declar\u00f3 Hu\u00e9sped de Honor de la Ciudad Aut\u00f3noma de Buenos Aires al m\u00fasico, cantante, letrista y compositor Gordon Matthew Thomas Summer, conocido mundialmente como Sting, quien visitar\u00e1 Buenos Aires el 4 de mayo pr\u00f3ximo para presentarse en el Hip\u00f3dromo de Palermo. El 11 de noviembre del a\u00f1o pasado Sting lanz\u00f3 su decimosegundo \u00e1lbum solista, que titul\u00f3 &quot;57th and 9th&quot;. Es el primer trabajo bien enfocado en el g\u00e9nero rock y pop que sac\u00f3 el cantautor brit\u00e1nico en los \u00faltimos diez a\u00f1os. El diputado Christian Bauab (PRO) promovi\u00f3 el proyecto.<br \/>\nEn tanto, el m\u00fasico Henry Padovani tambi\u00e9n fue declarado Hu\u00e9sped de Honor por ser conocido como el primer guitarrista de la banda inglesa The Police. Visitar\u00e1 la Ciudad a partir del mi\u00e9rcoles 26 de abril pr\u00f3ximo para brindar una serie de conciertos. Los diputados Omar Abboud y Eduardo Petrini (PRO) son autores del proyecto de declaraci\u00f3n.<br \/>\nEn el mismo sentido fue distinguido el pol\u00edtico espa\u00f1ol Luis de Grandes Pascual, qui\u00e9n visitar\u00e1 la ciudad del 21 al 25 de abril del corriente a\u00f1o. En la actualidad es miembro de la Junta Directiva Nacional del Partido Popular, presidente tambi\u00e9n del Comit\u00e9 Electoral Provincial y presidente regional del Partido Popular en Castilla-La Mancha. Es uno de los diputados de las Cortes m\u00e1s veterano, reelegido desde 1977, 1979, 1986, 1993, 1996 y 2000. Los legisladores Francisco Quintana y Carmen Polledo (PRO) impulsaron la iniciativa.<br \/>\nLa misma distinci\u00f3n recibi\u00f3 el Vicepresidente del Comit\u00e9 Nacional de la Conferencia Consultiva Pol\u00edtica del Pueblo Chino, Qi Xuchun, quien visitar\u00e1 la ciudad entre el 22 y el 24 de abril. Encabezar\u00e1 una delegaci\u00f3n de siete miembros quienes buscar\u00e1n fortalecer lazos de cooperaci\u00f3n entre las ciudades con respecto a temas tales como la educaci\u00f3n y la cultura, as\u00ed como promover los intercambios bilaterales. El diputado Jian Ping Yuan (PRO) impuls\u00f3 el reconocimiento.<br \/>\nAdem\u00e1s, el sobreviviente de la Sho\u00e1, compa\u00f1ero y amigo de Ana Frank, Albert Gomes de Mesquita, fue reconocido como Hu\u00e9sped de Honor de la ciudad Aut\u00f3noma de Buenos Aires. Entre el 4 y 14 de mayo del corriente a\u00f1o asistir\u00e1 a los actos del 70\u00b0 aniversario de la publicaci\u00f3n del Diario de Ana Frank, donde dar\u00e1 testimonio en diversos eventos y conferencias de prensa, participar\u00e1 en un stand en la Feria del libro en un espacio otorgado por la Secretar\u00eda de Derechos Humanos de la Naci\u00f3n y en otras jornadas. El legislador Omar Abboud (PRO) present\u00f3 el proyecto de declaraci\u00f3n aprobado.<br \/>\nCon el mismo reconocimiento fue distinguido el pol\u00edtico italiano Walter Veltroni, qui\u00e9n visitar\u00e1 la Ciudad del 26 al 30 de abril del corriente a\u00f1o. Adem\u00e1s de su carrera pol\u00edtica, la cual abandon\u00f3, actualmente se destaca en el \u00e1mbito cinematogr\u00e1fico y en la escritura. La iniciativa fue presentada por el diputado Gabriel Fuks (CNM).<\/p>\n","protected":false},"excerpt":{"rendered":"<p>\u00a0 Por iniciativa de los diputados Carmen Polledo y Francisco Quintana (PRO), la Legislatura declar\u00f3 Visitante Ilustre al Presidente de la Rep\u00fablica de Italia, Dr. Sergio Mattarella quien se encontrar\u00e1 de visita en la Ciudad del 7 al 9 de mayo del corriente a\u00f1o. Hu\u00e9spedes de Honor El Cuerpo Parlamentario declar\u00f3 Hu\u00e9sped de Honor de [&hellip;]<\/p>\n","protected":false},"author":1,"featured_media":8048,"comment_status":"open","ping_status":"open","sticky":false,"template":"","format":"standard","meta":{"_et_pb_use_builder":"","_et_pb_old_content":"","_et_gb_content_width":"","footnotes":""},"categories":[11,33],"tags":[],"class_list":["post-8047","post","type-post","status-publish","format-standard","has-post-thumbnail","hentry","category-ciudad","category-sociedad-y-cultura-2"],"_links":{"self":[{"href":"https:\/\/vocesdebaires.com.ar\/index.php\/wp-json\/wp\/v2\/posts\/8047"}],"collection":[{"href":"https:\/\/vocesdebaires.com.ar\/index.php\/wp-json\/wp\/v2\/posts"}],"about":[{"href":"https:\/\/vocesdebaires.com.ar\/index.php\/wp-json\/wp\/v2\/types\/post"}],"author":[{"embeddable":true,"href":"https:\/\/vocesdebaires.com.ar\/index.php\/wp-json\/wp\/v2\/users\/1"}],"replies":[{"embeddable":true,"href":"https:\/\/vocesdebaires.com.ar\/index.php\/wp-json\/wp\/v2\/comments?post=8047"}],"version-history":[{"count":0,"href":"https:\/\/vocesdebaires.com.ar\/index.php\/wp-json\/wp\/v2\/posts\/8047\/revisions"}],"wp:featuredmedia":[{"embeddable":true,"href":"https:\/\/vocesdebaires.com.ar\/index.php\/wp-json\/wp\/v2\/media\/8048"}],"wp:attachment":[{"href":"https:\/\/vocesdebaires.com.ar\/index.php\/wp-json\/wp\/v2\/media?parent=8047"}],"wp:term":[{"taxonomy":"category","embeddable":true,"href":"https:\/\/vocesdebaires.com.ar\/index.php\/wp-json\/wp\/v2\/categories?post=8047"},{"taxonomy":"post_tag","embeddable":true,"href":"https:\/\/vocesdebaires.com.ar\/index.php\/wp-json\/wp\/v2\/tags?post=8047"}],"curies":[{"name":"wp","href":"https:\/\/api.w.org\/{rel}","templated":true}]}}