{"id":8049,"date":"2017-04-21T03:00:00","date_gmt":"2017-04-21T06:00:00","guid":{"rendered":"http:\/\/vocesdebaires.com.ar\/wordpress\/index.php\/2017\/04\/21\/garrahan-aprobaron-las-modificaciones\/"},"modified":"2017-04-21T03:00:00","modified_gmt":"2017-04-21T06:00:00","slug":"garrahan-aprobaron-las-modificaciones","status":"publish","type":"post","link":"https:\/\/vocesdebaires.com.ar\/index.php\/2017\/04\/21\/garrahan-aprobaron-las-modificaciones\/","title":{"rendered":"Garrahan: Aprobaron las modificaciones"},"content":{"rendered":"<p>\u00a0<br \/>\nEn la sesi\u00f3n ordinaria de hoy la Legislatura porte\u00f1a aprob\u00f3 un convenio que define nuevas coparticipaciones entre la Ciudad y la Naci\u00f3n sobre los aportes presupuestarios para el Hospital de Pediatr\u00eda &quot;Profesor Dr. Juan P. Garrahan&quot;, uno de los m\u00e1s destacados centros de salud al que asisten miles de ni\u00f1os de todo el pa\u00eds.Actualmente, los recursos econ\u00f3micos que sostienen el nosocomio se dividen en partes iguales, pero este convenio reduce la participaci\u00f3n de la Ciudad al 20 por ciento y aumenta al 80 por ciento las obligaciones de la Naci\u00f3n, una vez que sea ratificado por el Congreso.<br \/>\nEl acuerdo celebrado entre el Jefe de Gobierno, Horacio Rodr\u00edguez Larreta y el ministro de Salud de la Naci\u00f3n, Jorge Lemus establece: &quot;Las partes declaran que a partir del 1\u00b0 de enero de 2017, la Naci\u00f3n aumenta su participaci\u00f3n a un ochenta por ciento a fin de afrontar el sostenimiento del Hospital de Pediatr\u00eda SAMIC Profesor Dr. Juan P. Garrahan de jurisdicci\u00f3n nacional y la Ciudad disminuye su participaci\u00f3n a un veinte por ciento, modificando parcialmente la cl\u00e1usula primera del convenio suscripto con fecha 29 de agosto de 1994&quot;.<br \/>\nLa resoluci\u00f3n tuvo dictamen de la Comisi\u00f3n de Relaciones Interjurisdiccionales y fue aprobada con 43 votos positivos (PRO, CC, FpV, BP, FR, CP), 11 negativos (Suma+, Socialismo y los bloques de Izquierda) y 1 abstenci\u00f3n (Bien Com\u00fan). Explica que &quot;teniendo en cuenta la asignaci\u00f3n jurisdiccional definitiva del Hospital de Pediatr\u00eda SAMIC &quot;Profesor Dr. Juan P. Garrahan&quot; a la Naci\u00f3n y habi\u00e9ndose evaluado la complejidad y desarrollo de su funcionamiento con el objeto de avanzar en una mayor participaci\u00f3n federal de la Naci\u00f3n en el mismo, se propici\u00f3 la suscripci\u00f3n de un convenio que contemple, en tal contexto la reducci\u00f3n de la participaci\u00f3n de la Ciudad en el citado nosocomio, adecuando a tal fin su organizaci\u00f3n presupuestaria y de su conducci\u00f3n&quot;.<br \/>\nEl hospital Garrahan tiene 30 a\u00f1os de historia y se ubica en el barrio de Parque Patricios, Comuna 4. De acuerdo con datos de la propia instituci\u00f3n, casi el 40 por ciento de los casos de c\u00e1ncer pedi\u00e1tricos del pa\u00eds se atienden en ese centro de salud, donde adem\u00e1s se realiza el 60 por ciento de los trasplantes pedi\u00e1tricos. Forman parte del personal m\u00e1s de 3500 trabajadores m\u00e9dicos y param\u00e9dicos; se atienden 600 mil consultas y se realizan 10 mil cirug\u00edas anuales; dispone de 534 camas (132 de terapia intensiva) y cuenta con 18 quir\u00f3fanos y 200 consultorios; tiene Banco de Sangre, de Cord\u00f3n Umbilical, de Tejidos, de Tumores y Laboratorios de Biolog\u00eda Molecular y capacita a 1800 residentes por a\u00f1o.<br \/>\nEl convenio suscripto define que el Consejo de Administraci\u00f3n del citado hospital estar\u00e1 integrado por cinco miembros, en el que la Ciudad de Buenos Aires participar\u00e1 con un integrante y el resto se integrar\u00e1 con representantes de la Naci\u00f3n, quien asimismo ejercer\u00e1 siempre la presidencia del Consejo a trav\u00e9s del miembro que a tal fin designe el Ministerio de Salud de la Naci\u00f3n.<br \/>\n\u00a0<\/p>\n","protected":false},"excerpt":{"rendered":"<p>\u00a0 En la sesi\u00f3n ordinaria de hoy la Legislatura porte\u00f1a aprob\u00f3 un convenio que define nuevas coparticipaciones entre la Ciudad y la Naci\u00f3n sobre los aportes presupuestarios para el Hospital de Pediatr\u00eda &quot;Profesor Dr. Juan P. Garrahan&quot;, uno de los m\u00e1s destacados centros de salud al que asisten miles de ni\u00f1os de todo el pa\u00eds.Actualmente, [&hellip;]<\/p>\n","protected":false},"author":1,"featured_media":7357,"comment_status":"open","ping_status":"open","sticky":false,"template":"","format":"standard","meta":{"_et_pb_use_builder":"","_et_pb_old_content":"","_et_gb_content_width":"","footnotes":""},"categories":[11,33],"tags":[],"class_list":["post-8049","post","type-post","status-publish","format-standard","has-post-thumbnail","hentry","category-ciudad","category-sociedad-y-cultura-2"],"_links":{"self":[{"href":"https:\/\/vocesdebaires.com.ar\/index.php\/wp-json\/wp\/v2\/posts\/8049"}],"collection":[{"href":"https:\/\/vocesdebaires.com.ar\/index.php\/wp-json\/wp\/v2\/posts"}],"about":[{"href":"https:\/\/vocesdebaires.com.ar\/index.php\/wp-json\/wp\/v2\/types\/post"}],"author":[{"embeddable":true,"href":"https:\/\/vocesdebaires.com.ar\/index.php\/wp-json\/wp\/v2\/users\/1"}],"replies":[{"embeddable":true,"href":"https:\/\/vocesdebaires.com.ar\/index.php\/wp-json\/wp\/v2\/comments?post=8049"}],"version-history":[{"count":0,"href":"https:\/\/vocesdebaires.com.ar\/index.php\/wp-json\/wp\/v2\/posts\/8049\/revisions"}],"wp:featuredmedia":[{"embeddable":true,"href":"https:\/\/vocesdebaires.com.ar\/index.php\/wp-json\/wp\/v2\/media\/7357"}],"wp:attachment":[{"href":"https:\/\/vocesdebaires.com.ar\/index.php\/wp-json\/wp\/v2\/media?parent=8049"}],"wp:term":[{"taxonomy":"category","embeddable":true,"href":"https:\/\/vocesdebaires.com.ar\/index.php\/wp-json\/wp\/v2\/categories?post=8049"},{"taxonomy":"post_tag","embeddable":true,"href":"https:\/\/vocesdebaires.com.ar\/index.php\/wp-json\/wp\/v2\/tags?post=8049"}],"curies":[{"name":"wp","href":"https:\/\/api.w.org\/{rel}","templated":true}]}}