{"id":805,"date":"2020-04-17T03:00:00","date_gmt":"2020-04-17T06:00:00","guid":{"rendered":"http:\/\/vocesdebaires.com.ar\/wordpress\/index.php\/2020\/04\/17\/puente-pueyrredon-policia-controla-temperatura\/"},"modified":"2020-04-17T03:00:00","modified_gmt":"2020-04-17T06:00:00","slug":"puente-pueyrredon-policia-controla-temperatura","status":"publish","type":"post","link":"https:\/\/vocesdebaires.com.ar\/index.php\/2020\/04\/17\/puente-pueyrredon-policia-controla-temperatura\/","title":{"rendered":"Puente Pueyrred\u00f3n: Polic\u00eda controla  temperatura"},"content":{"rendered":"<p>Los efectivos policiales subieron a los colectivos y mediante un term\u00f3metro infrarrojo controlaron a los pasajeros, al mismo tiempo que les pidieron los permisos de circulaci\u00f3n en medio de la cuarentena preventiva y obligatoria. \u201cEstamos controlando la utilizaci\u00f3n del tapabocas y ahora tambi\u00e9n tomando la temperatura a los pasajeros de los colectivos con un term\u00f3metro a distancia\u201d, sostuvo el vicejefe de Gobierno porte\u00f1o a cargo del Ministerio de Justicia y Seguridad, Diego Santilli.Estos controles se suman al sistema presentado\u00a0ayer \u00a0junto al Gobierno Nacional en el centro de trasbordo de Constituci\u00f3n.<\/p>\n<p>\u201cEs un trabajo en coordinaci\u00f3n con el Gobierno Nacional, que empez\u00f3 a hacerlo en Ezeiza, hoy lo hicimos en Constituci\u00f3n y Naci\u00f3n inform\u00f3 que tambi\u00e9n lo har\u00e1 en terminarles de trenes\u201d de la Ciudad, agreg\u00f3 Santilli. Por su parte, el secretario de Justicia y Seguridad porte\u00f1o, Marcelo D\u2019Alessandro, destac\u00f3 que \u201cesto es otra herramienta tecnol\u00f3gica que se pone a disposici\u00f3n de la gente\u201d. El personal policial lo que hace es medir la temperatura de los pasajeros si alguno da positivo se le mide nuevamente con un term\u00f3metro tradicional y en el caso de que se detecte una persona con fiebre se lo identifica, se le hace firmar una declaraci\u00f3n jurada y se lo lleva a su casa para que asista a un centro de salud\u201d, ampli\u00f3.<\/p>\n","protected":false},"excerpt":{"rendered":"<p>Los efectivos policiales subieron a los colectivos y mediante un term\u00f3metro infrarrojo controlaron a los pasajeros, al mismo tiempo que les pidieron los permisos de circulaci\u00f3n en medio de la cuarentena preventiva y obligatoria. \u201cEstamos controlando la utilizaci\u00f3n del tapabocas y ahora tambi\u00e9n tomando la temperatura a los pasajeros de los colectivos con un term\u00f3metro [&hellip;]<\/p>\n","protected":false},"author":1,"featured_media":806,"comment_status":"open","ping_status":"open","sticky":false,"template":"","format":"standard","meta":{"_et_pb_use_builder":"","_et_pb_old_content":"","_et_gb_content_width":"","footnotes":""},"categories":[11,32],"tags":[],"class_list":["post-805","post","type-post","status-publish","format-standard","has-post-thumbnail","hentry","category-ciudad","category-comunas"],"_links":{"self":[{"href":"https:\/\/vocesdebaires.com.ar\/index.php\/wp-json\/wp\/v2\/posts\/805"}],"collection":[{"href":"https:\/\/vocesdebaires.com.ar\/index.php\/wp-json\/wp\/v2\/posts"}],"about":[{"href":"https:\/\/vocesdebaires.com.ar\/index.php\/wp-json\/wp\/v2\/types\/post"}],"author":[{"embeddable":true,"href":"https:\/\/vocesdebaires.com.ar\/index.php\/wp-json\/wp\/v2\/users\/1"}],"replies":[{"embeddable":true,"href":"https:\/\/vocesdebaires.com.ar\/index.php\/wp-json\/wp\/v2\/comments?post=805"}],"version-history":[{"count":0,"href":"https:\/\/vocesdebaires.com.ar\/index.php\/wp-json\/wp\/v2\/posts\/805\/revisions"}],"wp:featuredmedia":[{"embeddable":true,"href":"https:\/\/vocesdebaires.com.ar\/index.php\/wp-json\/wp\/v2\/media\/806"}],"wp:attachment":[{"href":"https:\/\/vocesdebaires.com.ar\/index.php\/wp-json\/wp\/v2\/media?parent=805"}],"wp:term":[{"taxonomy":"category","embeddable":true,"href":"https:\/\/vocesdebaires.com.ar\/index.php\/wp-json\/wp\/v2\/categories?post=805"},{"taxonomy":"post_tag","embeddable":true,"href":"https:\/\/vocesdebaires.com.ar\/index.php\/wp-json\/wp\/v2\/tags?post=805"}],"curies":[{"name":"wp","href":"https:\/\/api.w.org\/{rel}","templated":true}]}}