{"id":8059,"date":"2017-04-20T10:22:50","date_gmt":"2017-04-20T13:22:50","guid":{"rendered":"http:\/\/vocesdebaires.com.ar\/wordpress\/index.php\/2017\/04\/20\/garavano-molina-juntos-en-san-francisco-solano\/"},"modified":"2017-04-20T10:22:50","modified_gmt":"2017-04-20T13:22:50","slug":"garavano-molina-juntos-en-san-francisco-solano","status":"publish","type":"post","link":"https:\/\/vocesdebaires.com.ar\/index.php\/2017\/04\/20\/garavano-molina-juntos-en-san-francisco-solano\/","title":{"rendered":"Garavano &#8211; Molina: Juntos en San Francisco Solano"},"content":{"rendered":"<p>\u00a0<br \/>\n\u201cEstamos garantizando derechos fundamentales para los quilme\u00f1os\u201d, asegur\u00f3 el intendente Martiniano Molina al supervisar el Consultorio Jur\u00eddico que funciona en el Centro de Gesti\u00f3n Ciudadana de San Francisco Solano, junto al ministro de Justicia y Derechos Humanos de la Naci\u00f3n, Germ\u00e1n Garavano. \u201cAgradezco al Ministro Garavano por acompa\u00f1arnos en Solano y poner en valor la tarea que hacemos con los trabajadores municipales para ayudar al vecino en temas cotidianos mediante este Consultorio Jur\u00eddico Gratuito. Desde Quilmes apoyamos tambi\u00e9n la modernizaci\u00f3n de la Justicia que impulsa el Presidente Macri\u201d, continu\u00f3 el mandatario local. En la misma l\u00ednea, el ministro Garavano apunt\u00f3; \u201chay que avanzar en esta tarea para que los centros de acceso a la justicia se transformen en centros de empoderamiento del ciudadano, con estos centros el Estado se hace presente cuando el vecino lo necesita ayud\u00e1ndole a resolver problemas que se pueden canalizar a trav\u00e9s de una mediaci\u00f3n o si se trata de asuntos m\u00e1s complejos ayudarlos a hacer las denuncias con los operadores jur\u00eddicos\u201d.En el encuentro, los funcionarios tambi\u00e9n pudieron intercambiar opiniones sobre pol\u00edticas de agilizaci\u00f3n y modernizaci\u00f3n de los procesos judiciales, medidas preventivas y formas de afrontar el tratamiento de victimas de g\u00e9nero, la relaci\u00f3n de la justicia con la comunidad acad\u00e9mica y sobre participaci\u00f3n ciudadana. La recorrida cont\u00f3 con la presencia del secretario de Legal y T\u00e9cnica, Ignacio Alberto, qui\u00e9n explic\u00f3 el funcionamiento del Consultorio Jur\u00eddico Gratuito y de los procedimientos de modernizaci\u00f3n del Estado, como el expediente electr\u00f3nico. Asimismo, participaron el secretario de Gobierno, Guillermo Galetto; el secretario de Seguridad, Mat\u00edas Zarco; la auditora general del Municipio, Myriam Pucheta; el secretario de Planificaci\u00f3n Estrat\u00e9gica del Ministerio de Justicia de la Naci\u00f3n, Mauricio Devoto y el Coordinador del programa \u201cJusticia 2020\u201d, H\u00e9ctor Chayer, entre otros. Adem\u00e1s estuvieron representantes de la ONG Mujeres para la Justicia; Aida Neumman, Ver\u00f3nica Knavs y Claudia Celerier, entre otras autoridades nacionales y municipales. Atenci\u00f3n libre y gratuita Griselda Pastorino, directora General de Consultorios Jur\u00eddicos del Municipio de Quilmes detall\u00f3 que el servicio se orienta a evacuar cualquier duda sobre temas jur\u00eddicos: \u201clos tr\u00e1mites que m\u00e1s se consultan son por alimentos, orientaci\u00f3n por contratos firmados y derechos de familia, entre otras cosas\u201d. Vale destacar que adem\u00e1s del Consultorio Jur\u00eddico de San Francisco Solano, el Municipio de Quilmes ofrece este servicio gratuito en otros puntos del distrito, entre ellos el CIC Iapi, Pampa entre 172 y 173, los d\u00edas viernes de 10 a 13; CIC La Paz, calle 892 y 802, los jueves de 10 a 13; CIC La Ribera, La Merced entre 18 bis y 19 bis, Segundo y cuarto viernes del mes, de 10 a 13; CIC Santo Domingo, Luis Mar\u00eda Campos y Bermejo, jueves de 10 a 13; Centro de Gesti\u00f3n Ciudadana de Ezpeleta. Honduras 5259, martes de 10 a 13; Centro de Gesti\u00f3n Ciudadana de Quilmes Centro, Sarmiento 608, martes de 10 a 13; Centro de Gesti\u00f3n Ciudadana de Quilmes Oeste, 12 de Octubre 1197, mi\u00e9rcoles de 10 a 13.<\/p>\n","protected":false},"excerpt":{"rendered":"<p>\u00a0 \u201cEstamos garantizando derechos fundamentales para los quilme\u00f1os\u201d, asegur\u00f3 el intendente Martiniano Molina al supervisar el Consultorio Jur\u00eddico que funciona en el Centro de Gesti\u00f3n Ciudadana de San Francisco Solano, junto al ministro de Justicia y Derechos Humanos de la Naci\u00f3n, Germ\u00e1n Garavano. \u201cAgradezco al Ministro Garavano por acompa\u00f1arnos en Solano y poner en valor [&hellip;]<\/p>\n","protected":false},"author":1,"featured_media":8060,"comment_status":"open","ping_status":"open","sticky":false,"template":"","format":"standard","meta":{"_et_pb_use_builder":"","_et_pb_old_content":"","_et_gb_content_width":"","footnotes":""},"categories":[34,13],"tags":[],"class_list":["post-8059","post","type-post","status-publish","format-standard","has-post-thumbnail","hentry","category-politica","category-provincia"],"_links":{"self":[{"href":"https:\/\/vocesdebaires.com.ar\/index.php\/wp-json\/wp\/v2\/posts\/8059"}],"collection":[{"href":"https:\/\/vocesdebaires.com.ar\/index.php\/wp-json\/wp\/v2\/posts"}],"about":[{"href":"https:\/\/vocesdebaires.com.ar\/index.php\/wp-json\/wp\/v2\/types\/post"}],"author":[{"embeddable":true,"href":"https:\/\/vocesdebaires.com.ar\/index.php\/wp-json\/wp\/v2\/users\/1"}],"replies":[{"embeddable":true,"href":"https:\/\/vocesdebaires.com.ar\/index.php\/wp-json\/wp\/v2\/comments?post=8059"}],"version-history":[{"count":0,"href":"https:\/\/vocesdebaires.com.ar\/index.php\/wp-json\/wp\/v2\/posts\/8059\/revisions"}],"wp:featuredmedia":[{"embeddable":true,"href":"https:\/\/vocesdebaires.com.ar\/index.php\/wp-json\/wp\/v2\/media\/8060"}],"wp:attachment":[{"href":"https:\/\/vocesdebaires.com.ar\/index.php\/wp-json\/wp\/v2\/media?parent=8059"}],"wp:term":[{"taxonomy":"category","embeddable":true,"href":"https:\/\/vocesdebaires.com.ar\/index.php\/wp-json\/wp\/v2\/categories?post=8059"},{"taxonomy":"post_tag","embeddable":true,"href":"https:\/\/vocesdebaires.com.ar\/index.php\/wp-json\/wp\/v2\/tags?post=8059"}],"curies":[{"name":"wp","href":"https:\/\/api.w.org\/{rel}","templated":true}]}}