{"id":8061,"date":"2017-04-20T10:11:28","date_gmt":"2017-04-20T13:11:28","guid":{"rendered":"http:\/\/vocesdebaires.com.ar\/wordpress\/index.php\/2017\/04\/20\/cedyat-se-firmo-un-importante-convenio\/"},"modified":"2017-04-20T10:11:28","modified_gmt":"2017-04-20T13:11:28","slug":"cedyat-se-firmo-un-importante-convenio","status":"publish","type":"post","link":"https:\/\/vocesdebaires.com.ar\/index.php\/2017\/04\/20\/cedyat-se-firmo-un-importante-convenio\/","title":{"rendered":"CEDyAT: Se firmo un importante Convenio"},"content":{"rendered":"<p>\u00a0<br \/>\nEn la sede del CEDyAT se realiz\u00f3\u00a0 ayer la firma de un importante Convenio con ADVANCED LEDAERSHIP FOUNDATION, ALF, la organizaci\u00f3n global sin \u00e1nimo de lucro, con sede en Washington D.C., ha elegido al CEDyAT para trabajar juntos en la formaci\u00f3n y fortalecimiento de la pr\u00f3xima generaci\u00f3n de l\u00edderes para la modernizaci\u00f3n del Sector P\u00fablico.El mismo fue refrendado por el Presidente Sr. Juan Verde Suarez por ALF y por el Presidente Sr. Fabi\u00e1n Ruocco por CEDyAT.Las partes acordaron implementar las acciones tendientes a desarrollar, en forma conjunta, proyectos de car\u00e1cter general en un marco institucional para lograr la realizaci\u00f3n de actividades de cooperaci\u00f3n, colaboraci\u00f3n conjunta y beneficio de ambos entes.<br \/>\nAsimismo, a trav\u00e9s de este Convenio se ofrece al Sector P\u00fablico Nacional, Provincial y Municipal la organizaci\u00f3n de Jornadas Espec\u00edficas junto con Seminarios de Liderazgo y Gesti\u00f3n en Argentina dirigido a los agentes ingresantes o de planta permanente del Estado, que ser\u00e1 desplegado por profesores de Universidad de Georgetown, con Certificaci\u00f3n de dicha Universidad y expertos de la Regi\u00f3n.Representa una experiencia \u00fanica, que cerrar\u00e1 la brecha entre la educaci\u00f3n universitaria de los participantes de la Administraci\u00f3n P\u00fablica y las habilidades necesarias para desarrollar la optimizaci\u00f3n que el Sector P\u00fablico de Argentina necesita.<br \/>\nAdem\u00e1s, este Convenio Institucional abre las puertas a diferentes posibilidades, especialmente al prestigioso &quot;Programa de Gesti\u00f3n&quot; ofrecemos a los post-graduados la oportunidad de realizar pr\u00e1cticas profesionales en Estados Unidos, en el \u00e1mbito laboral donde quieren desarrollar su carrera profesional, lo que les dar\u00e1 ventaja a la hora de entrar en el cada vez m\u00e1s competitivo mercado laboral internacional. Iniciativa de Liderazgo es uno de los m\u00e1s prestigiosos programas de formaci\u00f3n para j\u00f3venes profesionales. Es un programa intensivo de 4 meses, que se lleva a cabo cada oto\u00f1o y cada primavera en Estados Unidos (la pr\u00f3xima fecha para este a\u00f1o es el 23 de Agosto). Los participantes hacen sus pr\u00e1cticas como becarios en algunas de las mejores empresas, organismos internacionales y agencias de gobierno federal en el \u00e1rea de Washington, D.C.<br \/>\n&lt;a&gt;<\/a><\/p>\n","protected":false},"excerpt":{"rendered":"<p>\u00a0 En la sede del CEDyAT se realiz\u00f3\u00a0 ayer la firma de un importante Convenio con ADVANCED LEDAERSHIP FOUNDATION, ALF, la organizaci\u00f3n global sin \u00e1nimo de lucro, con sede en Washington D.C., ha elegido al CEDyAT para trabajar juntos en la formaci\u00f3n y fortalecimiento de la pr\u00f3xima generaci\u00f3n de l\u00edderes para la modernizaci\u00f3n del Sector [&hellip;]<\/p>\n","protected":false},"author":1,"featured_media":8062,"comment_status":"open","ping_status":"open","sticky":false,"template":"","format":"standard","meta":{"_et_pb_use_builder":"","_et_pb_old_content":"","_et_gb_content_width":"","footnotes":""},"categories":[12,34],"tags":[],"class_list":["post-8061","post","type-post","status-publish","format-standard","has-post-thumbnail","hentry","category-nacion","category-politica"],"_links":{"self":[{"href":"https:\/\/vocesdebaires.com.ar\/index.php\/wp-json\/wp\/v2\/posts\/8061"}],"collection":[{"href":"https:\/\/vocesdebaires.com.ar\/index.php\/wp-json\/wp\/v2\/posts"}],"about":[{"href":"https:\/\/vocesdebaires.com.ar\/index.php\/wp-json\/wp\/v2\/types\/post"}],"author":[{"embeddable":true,"href":"https:\/\/vocesdebaires.com.ar\/index.php\/wp-json\/wp\/v2\/users\/1"}],"replies":[{"embeddable":true,"href":"https:\/\/vocesdebaires.com.ar\/index.php\/wp-json\/wp\/v2\/comments?post=8061"}],"version-history":[{"count":0,"href":"https:\/\/vocesdebaires.com.ar\/index.php\/wp-json\/wp\/v2\/posts\/8061\/revisions"}],"wp:featuredmedia":[{"embeddable":true,"href":"https:\/\/vocesdebaires.com.ar\/index.php\/wp-json\/wp\/v2\/media\/8062"}],"wp:attachment":[{"href":"https:\/\/vocesdebaires.com.ar\/index.php\/wp-json\/wp\/v2\/media?parent=8061"}],"wp:term":[{"taxonomy":"category","embeddable":true,"href":"https:\/\/vocesdebaires.com.ar\/index.php\/wp-json\/wp\/v2\/categories?post=8061"},{"taxonomy":"post_tag","embeddable":true,"href":"https:\/\/vocesdebaires.com.ar\/index.php\/wp-json\/wp\/v2\/tags?post=8061"}],"curies":[{"name":"wp","href":"https:\/\/api.w.org\/{rel}","templated":true}]}}