{"id":807,"date":"2020-04-17T03:00:00","date_gmt":"2020-04-17T06:00:00","guid":{"rendered":"http:\/\/vocesdebaires.com.ar\/wordpress\/index.php\/2020\/04\/17\/estatuas-con-tapabocas-para-concientizar\/"},"modified":"2020-04-17T03:00:00","modified_gmt":"2020-04-17T06:00:00","slug":"estatuas-con-tapabocas-para-concientizar","status":"publish","type":"post","link":"https:\/\/vocesdebaires.com.ar\/index.php\/2020\/04\/17\/estatuas-con-tapabocas-para-concientizar\/","title":{"rendered":"Estatuas con Tapabocas para concientizar"},"content":{"rendered":"<p>En sinton\u00eda con el anuncio del Gobierno porte\u00f1o sobre la obligatoriedad del uso de un protector facial en la v\u00eda p\u00fablica, todas las estatuas y las figuras humanas de los monumentos de la Ciudad de Buenos Aires amanecieron este lunes con un \u201ctapabocas\u201d casero puesto en su rostro.Las diferentes esculturas emblem\u00e1ticas de la escenograf\u00eda porte\u00f1a fueron \u201cvestidas\u201d por el gobierno de Horacio Rodr\u00edguez Larreta con unas r\u00e9plicas del art\u00edculo de protecci\u00f3n, trascendental en la lucha mundial contra la pandemia del coronavirus.<\/p>\n<p>La iniciativa coincidi\u00f3 con el anuncio de la medida de protecci\u00f3n. Las autoridades porte\u00f1as informaron que a partir del mi\u00e9rcoles 15 de abril ser\u00e1 obligatorio el uso de un barbijo o un \u201ctapabocas\u201d casero para transitar por la v\u00eda p\u00fablica, ingresar a un local comercial o viajar en un transporte p\u00fablico. La medida estar\u00e1 acompa\u00f1ada de otros anuncios, como el de la prohibici\u00f3n de venta de barbijos quir\u00fargicos, con la excepci\u00f3n de profesionales de la salud y aquellas personas que demuestren un justificativo oficial de su uso.<\/p>\n<p>Los monumentos intervenidos se encuentran en:<br \/>Paseo de la Historieta:<br \/>Mafalda, en Defensa y Chile<br \/>Isidoro, en Chile y Balcarce<br \/>Larguirucho y S\u00faper Hijitus, en Balcarce y M\u00e9xico<br \/>Clemente, en Defensa y Belgrano<br \/>Paseo de la Gloria, Costanera Sur<br \/>Parque Lezama, Av. Brasil y Av. Paseo Col\u00f3n<br \/>Jard\u00edn Bot\u00e1nico, Plaza Italia<br \/>Monumento a Los Espa\u00f1oles, Av. del Libertador y Av. Dorrego<br \/>Gandhi, Av. del Libertador y Rep\u00fablica de la India<\/p>\n<p>Por su parte, las innovaciones en las medidas precautorias efectuadas por el Gobierno porte\u00f1o tambi\u00e9n se percibieron durante la ma\u00f1ana del lunes en el \u00e1mbito de los transportes p\u00fablicos. Gracias a una iniciativa de la Secretar\u00eda de Transporte y Obras P\u00fablicas, se pegaron carteles en las paradas de colectivos, trenes y subtes, con el fin de ayudar a los viajeros a mantener las medidas necesarias de distanciamiento social.La cartera de transporte porte\u00f1a intervino as\u00ed al menos 500 espacios de espera con el pegamento de etiquetas gr\u00e1ficas y se\u00f1alizaciones que invitan al viajero a respetar la distancia m\u00ednima de 1,5 metros respecto uno del otro y as\u00ed tratar de reducir la posibilidad de contagio del Covid-19.<\/p>\n","protected":false},"excerpt":{"rendered":"<p>En sinton\u00eda con el anuncio del Gobierno porte\u00f1o sobre la obligatoriedad del uso de un protector facial en la v\u00eda p\u00fablica, todas las estatuas y las figuras humanas de los monumentos de la Ciudad de Buenos Aires amanecieron este lunes con un \u201ctapabocas\u201d casero puesto en su rostro.Las diferentes esculturas emblem\u00e1ticas de la escenograf\u00eda porte\u00f1a [&hellip;]<\/p>\n","protected":false},"author":1,"featured_media":808,"comment_status":"open","ping_status":"open","sticky":false,"template":"","format":"standard","meta":{"_et_pb_use_builder":"","_et_pb_old_content":"","_et_gb_content_width":"","footnotes":""},"categories":[11,32],"tags":[],"class_list":["post-807","post","type-post","status-publish","format-standard","has-post-thumbnail","hentry","category-ciudad","category-comunas"],"_links":{"self":[{"href":"https:\/\/vocesdebaires.com.ar\/index.php\/wp-json\/wp\/v2\/posts\/807"}],"collection":[{"href":"https:\/\/vocesdebaires.com.ar\/index.php\/wp-json\/wp\/v2\/posts"}],"about":[{"href":"https:\/\/vocesdebaires.com.ar\/index.php\/wp-json\/wp\/v2\/types\/post"}],"author":[{"embeddable":true,"href":"https:\/\/vocesdebaires.com.ar\/index.php\/wp-json\/wp\/v2\/users\/1"}],"replies":[{"embeddable":true,"href":"https:\/\/vocesdebaires.com.ar\/index.php\/wp-json\/wp\/v2\/comments?post=807"}],"version-history":[{"count":0,"href":"https:\/\/vocesdebaires.com.ar\/index.php\/wp-json\/wp\/v2\/posts\/807\/revisions"}],"wp:featuredmedia":[{"embeddable":true,"href":"https:\/\/vocesdebaires.com.ar\/index.php\/wp-json\/wp\/v2\/media\/808"}],"wp:attachment":[{"href":"https:\/\/vocesdebaires.com.ar\/index.php\/wp-json\/wp\/v2\/media?parent=807"}],"wp:term":[{"taxonomy":"category","embeddable":true,"href":"https:\/\/vocesdebaires.com.ar\/index.php\/wp-json\/wp\/v2\/categories?post=807"},{"taxonomy":"post_tag","embeddable":true,"href":"https:\/\/vocesdebaires.com.ar\/index.php\/wp-json\/wp\/v2\/tags?post=807"}],"curies":[{"name":"wp","href":"https:\/\/api.w.org\/{rel}","templated":true}]}}