{"id":8079,"date":"2017-04-19T03:00:00","date_gmt":"2017-04-19T06:00:00","guid":{"rendered":"http:\/\/vocesdebaires.com.ar\/wordpress\/index.php\/2017\/04\/19\/conmemoracion-marcha-por-el-genocidio-armenio\/"},"modified":"2017-04-19T03:00:00","modified_gmt":"2017-04-19T06:00:00","slug":"conmemoracion-marcha-por-el-genocidio-armenio","status":"publish","type":"post","link":"https:\/\/vocesdebaires.com.ar\/index.php\/2017\/04\/19\/conmemoracion-marcha-por-el-genocidio-armenio\/","title":{"rendered":"Conmemoraci\u00f3n: Marcha por el Genocidio Armenio"},"content":{"rendered":"<p>\u00a0<br \/>\nEl lunes 24 de abril se realizar\u00e1 la marcha por el Genocidio Armenio en Buenos Aires a partir de las 19 hs desde la Facultad de Derecho de la UBA (Av. Figueroa Alcorta 2263, CABA) hasta la residencia de la embajadora de Turqu\u00eda, luego de una misa a las 18 hs en la Catedral San Gregorio el Iluminador (Armenia 1353, CABA) de la que participar\u00e1 la vicepresidenta Gabriela Michetti.\u00a0 El Genocidio Armenio fue el exterminio sistem\u00e1tico y planificado de la poblaci\u00f3n armenia en el Imperio Otomano, actual Rep\u00fablica de Turqu\u00eda. El 24 de Abril es la fecha simb\u00f3lica del inicio del genocidio, d\u00eda en que las autoridades otomanas asesinaron a unos 250 intelectuales y l\u00edderes armenios en Constantinopla, aunque ya hab\u00eda habido matanzas en a\u00f1os previos.<br \/>\nDurante 1915 y 1923 se produjeron matanzas a la poblaci\u00f3n masculina en su mayor\u00eda, deportaci\u00f3n forzada de mujeres, ni\u00f1os, ancianos y enfermos en las &quot;caravanas de la muerte&quot;, oblig\u00e1ndolos a transitar el desierto sirio sin agua ni alimentos, campos de concentraci\u00f3n m\u00f3viles, esclavizaci\u00f3n y violaci\u00f3n de mujeres, robo de identidad y confiscaci\u00f3n de propiedades.La Rep\u00fablica de Turqu\u00eda, el Estado sucesor del Imperio Otomano, mantuvo desde sus inicios una pol\u00edtica de negaci\u00f3n del crimen de lesa humanidad que contin\u00faa hasta la actualidad.<br \/>\nEl Genocidio Armenio, negado por Turqu\u00eda y Azerbaiy\u00e1n, es reconocido por Argentina, Armenia, B\u00e9lgica, Brasil, Bolivia, Canad\u00e1, Chile, Chipre, Francia, Alemania, Grecia, Italia, Lituania, El L\u00edbano, Pa\u00edses Bajos, Polonia, Rusia, Eslovaquia, Suecia, Suiza, Uruguay y Venezuela, 43 estados de los Estados Unidos, las Naciones Unidas, el Parlamento Europeo, el Consejo de Europa, el Consejo Mundial de Iglesias, la Asociaci\u00f3n de Derechos Humanos de Turqu\u00eda, el Tribunal Permanente de los Pueblos, el Mercosur y la Asociaci\u00f3n Internacional de Expertos en Genocidio, entre otros. En 2015, la &quot;Declaraci\u00f3n Pan-Armenia en el Centenario del Genocidio Armenio&quot; expres\u00f3 la voluntad unificada del Estado de Armenia y del pueblo armenio de toda la di\u00e1spora bajo el lema &quot;Memoria y Reclamo&quot;, exigiendo a Turqu\u00eda que reconozca y condene el Genocidio Armenio y elaborando un archivo abarcativo sobre la reparaci\u00f3n como punto de partida en el proceso de restituci\u00f3n de los intereses individuales, comunitarios e internacionales.<br \/>\nEn Argentina, el Genocidio Armenio fue reconocido por los tres poderes del Estado. En 1987, el presidente Ra\u00fal Alfons\u00edn reconoci\u00f3 el Genocidio Armenio durante un acto ante la comunidad armenia. En el a\u00f1o 2007, el Congreso de la Naci\u00f3n aprob\u00f3 la Ley 26.199, promulgada por el entonces presidente N\u00e9stor Kirchner, que declar\u00f3 el 24 de abril como el \u201cD\u00eda de acci\u00f3n por la tolerancia y el respeto entre los pueblos\u201d, \u201cen conmemoraci\u00f3n del genocidio de que fue v\u00edctima el pueblo armenio y con el esp\u00edritu de que su memoria sea una lecci\u00f3n permanente sobre los pasos del presente y las metas de nuestro futuro\u201d. En 2011, un fallo de la justicia argentina resolvi\u00f3 que &quot;el Estado turco ha cometido delito de genocidio en perjuicio del pueblo armenio&quot;.<\/p>\n","protected":false},"excerpt":{"rendered":"<p>\u00a0 El lunes 24 de abril se realizar\u00e1 la marcha por el Genocidio Armenio en Buenos Aires a partir de las 19 hs desde la Facultad de Derecho de la UBA (Av. Figueroa Alcorta 2263, CABA) hasta la residencia de la embajadora de Turqu\u00eda, luego de una misa a las 18 hs en la Catedral [&hellip;]<\/p>\n","protected":false},"author":1,"featured_media":8080,"comment_status":"open","ping_status":"open","sticky":false,"template":"","format":"standard","meta":{"_et_pb_use_builder":"","_et_pb_old_content":"","_et_gb_content_width":"","footnotes":""},"categories":[12,34],"tags":[],"class_list":["post-8079","post","type-post","status-publish","format-standard","has-post-thumbnail","hentry","category-nacion","category-politica"],"_links":{"self":[{"href":"https:\/\/vocesdebaires.com.ar\/index.php\/wp-json\/wp\/v2\/posts\/8079"}],"collection":[{"href":"https:\/\/vocesdebaires.com.ar\/index.php\/wp-json\/wp\/v2\/posts"}],"about":[{"href":"https:\/\/vocesdebaires.com.ar\/index.php\/wp-json\/wp\/v2\/types\/post"}],"author":[{"embeddable":true,"href":"https:\/\/vocesdebaires.com.ar\/index.php\/wp-json\/wp\/v2\/users\/1"}],"replies":[{"embeddable":true,"href":"https:\/\/vocesdebaires.com.ar\/index.php\/wp-json\/wp\/v2\/comments?post=8079"}],"version-history":[{"count":0,"href":"https:\/\/vocesdebaires.com.ar\/index.php\/wp-json\/wp\/v2\/posts\/8079\/revisions"}],"wp:featuredmedia":[{"embeddable":true,"href":"https:\/\/vocesdebaires.com.ar\/index.php\/wp-json\/wp\/v2\/media\/8080"}],"wp:attachment":[{"href":"https:\/\/vocesdebaires.com.ar\/index.php\/wp-json\/wp\/v2\/media?parent=8079"}],"wp:term":[{"taxonomy":"category","embeddable":true,"href":"https:\/\/vocesdebaires.com.ar\/index.php\/wp-json\/wp\/v2\/categories?post=8079"},{"taxonomy":"post_tag","embeddable":true,"href":"https:\/\/vocesdebaires.com.ar\/index.php\/wp-json\/wp\/v2\/tags?post=8079"}],"curies":[{"name":"wp","href":"https:\/\/api.w.org\/{rel}","templated":true}]}}