{"id":8081,"date":"2017-04-19T03:00:00","date_gmt":"2017-04-19T06:00:00","guid":{"rendered":"http:\/\/vocesdebaires.com.ar\/wordpress\/index.php\/2017\/04\/19\/amia-juicio-declara-claudio-lifschitz\/"},"modified":"2017-04-19T03:00:00","modified_gmt":"2017-04-19T06:00:00","slug":"amia-juicio-declara-claudio-lifschitz","status":"publish","type":"post","link":"https:\/\/vocesdebaires.com.ar\/index.php\/2017\/04\/19\/amia-juicio-declara-claudio-lifschitz\/","title":{"rendered":"AMIA: Juicio declara  Claudio Lifschitz"},"content":{"rendered":"<p>\u00a0<br \/>\nHoy jueves 20 de abril a las 10.30 se reanuda el juicio por irregularidades en la causa AMIA, tras el receso por festividades religiosas. Al igual que las audiencias anteriores, ser\u00e1 Claudio Lifschitz, ex prosecretario del Juzgado Federal 9, quien continuar\u00e1 declarando como testigo.<br \/>\nEl testimonio de Lifschitz lleva cuatro sesiones, en las cuales denunci\u00f3 el encubrimiento perge\u00f1ado por el ex juez juan Jos\u00e9 Galeano, la SIDE y el gobierno de Menem. Sus declaraciones se encuentran en nuestra p\u00e1gina web: <a href=\"http:\/\/memoriaactiva.com\/?cat=67&quot;&gt;http:\/\/memoriaactiva.com\/?cat=67<\/a><br \/>\nLas audiencias se llevan a cabo todos los jueves y dos lunes mensuales a las 10.30.  Ingreso con DNI. Acreditaci\u00f3n 6to piso &#8211; TOF 2.<\/p>\n","protected":false},"excerpt":{"rendered":"<p>\u00a0 Hoy jueves 20 de abril a las 10.30 se reanuda el juicio por irregularidades en la causa AMIA, tras el receso por festividades religiosas. Al igual que las audiencias anteriores, ser\u00e1 Claudio Lifschitz, ex prosecretario del Juzgado Federal 9, quien continuar\u00e1 declarando como testigo. El testimonio de Lifschitz lleva cuatro sesiones, en las cuales [&hellip;]<\/p>\n","protected":false},"author":1,"featured_media":7079,"comment_status":"open","ping_status":"open","sticky":false,"template":"","format":"standard","meta":{"_et_pb_use_builder":"","_et_pb_old_content":"","_et_gb_content_width":"","footnotes":""},"categories":[12,34],"tags":[],"class_list":["post-8081","post","type-post","status-publish","format-standard","has-post-thumbnail","hentry","category-nacion","category-politica"],"_links":{"self":[{"href":"https:\/\/vocesdebaires.com.ar\/index.php\/wp-json\/wp\/v2\/posts\/8081"}],"collection":[{"href":"https:\/\/vocesdebaires.com.ar\/index.php\/wp-json\/wp\/v2\/posts"}],"about":[{"href":"https:\/\/vocesdebaires.com.ar\/index.php\/wp-json\/wp\/v2\/types\/post"}],"author":[{"embeddable":true,"href":"https:\/\/vocesdebaires.com.ar\/index.php\/wp-json\/wp\/v2\/users\/1"}],"replies":[{"embeddable":true,"href":"https:\/\/vocesdebaires.com.ar\/index.php\/wp-json\/wp\/v2\/comments?post=8081"}],"version-history":[{"count":0,"href":"https:\/\/vocesdebaires.com.ar\/index.php\/wp-json\/wp\/v2\/posts\/8081\/revisions"}],"wp:featuredmedia":[{"embeddable":true,"href":"https:\/\/vocesdebaires.com.ar\/index.php\/wp-json\/wp\/v2\/media\/7079"}],"wp:attachment":[{"href":"https:\/\/vocesdebaires.com.ar\/index.php\/wp-json\/wp\/v2\/media?parent=8081"}],"wp:term":[{"taxonomy":"category","embeddable":true,"href":"https:\/\/vocesdebaires.com.ar\/index.php\/wp-json\/wp\/v2\/categories?post=8081"},{"taxonomy":"post_tag","embeddable":true,"href":"https:\/\/vocesdebaires.com.ar\/index.php\/wp-json\/wp\/v2\/tags?post=8081"}],"curies":[{"name":"wp","href":"https:\/\/api.w.org\/{rel}","templated":true}]}}