{"id":809,"date":"2020-04-17T03:00:00","date_gmt":"2020-04-17T06:00:00","guid":{"rendered":"http:\/\/vocesdebaires.com.ar\/wordpress\/index.php\/2020\/04\/17\/se-cuidan-de-covis19-se-contagiaron-de-dengue\/"},"modified":"2020-04-17T03:00:00","modified_gmt":"2020-04-17T06:00:00","slug":"se-cuidan-de-covis19-se-contagiaron-de-dengue","status":"publish","type":"post","link":"https:\/\/vocesdebaires.com.ar\/index.php\/2020\/04\/17\/se-cuidan-de-covis19-se-contagiaron-de-dengue\/","title":{"rendered":"Se cuidan de Covis19 ,se contagiaron de dengue"},"content":{"rendered":"<p>En barrios populares como las villas 31, 1-11-14, 15, 20 y 21-24, entre otras, \u201cse hac\u00edan operativos tradicionales de descacharreo en las calles y dentro en las viviendas, antes de la proliferaci\u00f3n de la pandemia de Covid-19\u201d, indican voceros de Desarrollo Humano y H\u00e1bitat. Sin embargo, \u201clas del interior de las casas se suspendieron para evitar la concentraci\u00f3n de personas y, en consecuencia, la propagaci\u00f3n del virus\u201d.<\/p>\n<p>Ya recuperadas, las personas contagiadas en sus propias casas que protagonizan las historias de esta nota, ahora comienzan la segunda fase: cuidarse todo lo posible para no volver a infectarse. Uno piensa que estando en casa est\u00e1 protegido, pero al final lo que te cuida de un lado, te expone del otro. El mosquito que transmite el dengue es hogare\u00f1o, y, al estar m\u00e1s en casa, estamos m\u00e1s susceptibles a que nos contagie\u00bb. La m\u00e9dica Gisela Marchese (42) sabe de lo que habla: no s\u00f3lo por su profesi\u00f3n, sino porque su marido y su hija contrajeron ese virus hace dos semanas. Fue en Flores, el barrio porte\u00f1o m\u00e1s castigado por la enfermedad.<\/p>\n<p>Entre las recomendaciones ante la pandemia de Covid-19, la m\u00e1s frecuente es la de quedarse en casa. Ese es el lugar donde, se supone, se est\u00e1 m\u00e1s a salvo del nuevo coronavirus. Tambi\u00e9n se sugiere ventilar los ambientes seguido, por el mismo motivo. Pero, vaya paradoja, no se contaba con la astucia del aedes aegypti, la especie de mosquito que transmite el dengue y que, en el \u00faltimo tiempo, se movi\u00f3 a sus anchas al punto de contagiar a 568 personas m\u00e1s en la Ciudad de Buenos Aires en la \u00faltima semana de marzo.Ya se registraron 3.173 contagiados en la Ciudad en el primer trimestre del a\u00f1o. Hay casos en todos los barrios, pero la mayor\u00eda se registraron en Flores (23%), al que le siguen Barracas y Villa Lugano, ambos con 14%. Villa Urquiza y Retiro tambi\u00e9n concentran gran cantidad de infectados.<\/p>\n","protected":false},"excerpt":{"rendered":"<p>En barrios populares como las villas 31, 1-11-14, 15, 20 y 21-24, entre otras, \u201cse hac\u00edan operativos tradicionales de descacharreo en las calles y dentro en las viviendas, antes de la proliferaci\u00f3n de la pandemia de Covid-19\u201d, indican voceros de Desarrollo Humano y H\u00e1bitat. Sin embargo, \u201clas del interior de las casas se suspendieron para [&hellip;]<\/p>\n","protected":false},"author":1,"featured_media":810,"comment_status":"open","ping_status":"open","sticky":false,"template":"","format":"standard","meta":{"_et_pb_use_builder":"","_et_pb_old_content":"","_et_gb_content_width":"","footnotes":""},"categories":[11,32],"tags":[],"class_list":["post-809","post","type-post","status-publish","format-standard","has-post-thumbnail","hentry","category-ciudad","category-comunas"],"_links":{"self":[{"href":"https:\/\/vocesdebaires.com.ar\/index.php\/wp-json\/wp\/v2\/posts\/809"}],"collection":[{"href":"https:\/\/vocesdebaires.com.ar\/index.php\/wp-json\/wp\/v2\/posts"}],"about":[{"href":"https:\/\/vocesdebaires.com.ar\/index.php\/wp-json\/wp\/v2\/types\/post"}],"author":[{"embeddable":true,"href":"https:\/\/vocesdebaires.com.ar\/index.php\/wp-json\/wp\/v2\/users\/1"}],"replies":[{"embeddable":true,"href":"https:\/\/vocesdebaires.com.ar\/index.php\/wp-json\/wp\/v2\/comments?post=809"}],"version-history":[{"count":0,"href":"https:\/\/vocesdebaires.com.ar\/index.php\/wp-json\/wp\/v2\/posts\/809\/revisions"}],"wp:featuredmedia":[{"embeddable":true,"href":"https:\/\/vocesdebaires.com.ar\/index.php\/wp-json\/wp\/v2\/media\/810"}],"wp:attachment":[{"href":"https:\/\/vocesdebaires.com.ar\/index.php\/wp-json\/wp\/v2\/media?parent=809"}],"wp:term":[{"taxonomy":"category","embeddable":true,"href":"https:\/\/vocesdebaires.com.ar\/index.php\/wp-json\/wp\/v2\/categories?post=809"},{"taxonomy":"post_tag","embeddable":true,"href":"https:\/\/vocesdebaires.com.ar\/index.php\/wp-json\/wp\/v2\/tags?post=809"}],"curies":[{"name":"wp","href":"https:\/\/api.w.org\/{rel}","templated":true}]}}