{"id":8096,"date":"2017-04-17T03:00:00","date_gmt":"2017-04-17T06:00:00","guid":{"rendered":"http:\/\/vocesdebaires.com.ar\/wordpress\/index.php\/2017\/04\/17\/desafectan-de-dominio-publico-a-terreno\/"},"modified":"2017-04-17T03:00:00","modified_gmt":"2017-04-17T06:00:00","slug":"desafectan-de-dominio-publico-a-terreno","status":"publish","type":"post","link":"https:\/\/vocesdebaires.com.ar\/index.php\/2017\/04\/17\/desafectan-de-dominio-publico-a-terreno\/","title":{"rendered":"Desafectan de dominio p\u00fablico a terreno"},"content":{"rendered":"<p>\u00a0<br \/>\nEn otra audiencia se trat\u00f3 la desafectaci\u00f3n del dominio p\u00fablico de la Ciudad Aut\u00f3noma de Buenos Aires de una fracci\u00f3n de terreno correspondiente a la v\u00eda p\u00fablica, de una superficie total de 13.13 m2 con frente a la avenida Comodoro Mart\u00edn Rivadavia N\u00b0 2086-90-96 del barrio de N\u00fa\u00f1ez &#8211; Comuna 13. Adem\u00e1s, la norma aprobada en primera lectura el 15 de diciembre \u00faltimo sobre un despacho de las Comisiones de Planeamiento Urbano y de Presupuesto, la declara innecesaria para la gesti\u00f3n del Gobierno porte\u00f1o y aprueba su venta por el precio de $ 45.000, a favor del Fideicomiso Arcos N\u00b0 3667 en virtud de lo dispuesto por el inciso b) del art\u00edculo 58 de la Ley 2095 de Compras y Contrataciones porte\u00f1a, en las condiciones establecidas en el boleto de compraventa.<br \/>\nSeg\u00fan el mensaje del ex Jefe de Gobierno, Mauricio Macri, la norma tiene por finalidad solucionar la situaci\u00f3n de hecho del inmueble construido sobre la l\u00ednea de edificaci\u00f3n oficial, ocupando una fracci\u00f3n de terreno correspondiente a la v\u00eda p\u00fablica. Acota que &quot;la superficie es exigua, por lo que no genera una limitaci\u00f3n ni en el tr\u00e1nsito ni en el espacio de la acera, no afect\u00e1ndose tampoco inter\u00e9s p\u00fablico alguno&quot;. La Direcci\u00f3n General Administraci\u00f3n de Bienes suscribi\u00f3 un boleto de compraventa con el Fideicomiso propietario del terreno aludido, por el cual \u00e9ste adquir\u00eda la fracci\u00f3n construida sobre la l\u00ednea de edificaci\u00f3n oficial, ad refer\u00e9ndum de la aprobaci\u00f3n legislativa.Las Audiencias, que tuvieron lugar en el Sal\u00f3n San Mart\u00edn, fueron presididas por el diputado Emilio Raposo Varela (PRO) quien estuvo acompa\u00f1ado de sus pares Victoria Rold\u00e1n M\u00e9ndez y\u00a0 Maximiliano Sahonero.<\/p>\n","protected":false},"excerpt":{"rendered":"<p>\u00a0 En otra audiencia se trat\u00f3 la desafectaci\u00f3n del dominio p\u00fablico de la Ciudad Aut\u00f3noma de Buenos Aires de una fracci\u00f3n de terreno correspondiente a la v\u00eda p\u00fablica, de una superficie total de 13.13 m2 con frente a la avenida Comodoro Mart\u00edn Rivadavia N\u00b0 2086-90-96 del barrio de N\u00fa\u00f1ez &#8211; Comuna 13. Adem\u00e1s, la norma [&hellip;]<\/p>\n","protected":false},"author":1,"featured_media":8097,"comment_status":"open","ping_status":"open","sticky":false,"template":"","format":"standard","meta":{"_et_pb_use_builder":"","_et_pb_old_content":"","_et_gb_content_width":"","footnotes":""},"categories":[11,32],"tags":[],"class_list":["post-8096","post","type-post","status-publish","format-standard","has-post-thumbnail","hentry","category-ciudad","category-comunas"],"_links":{"self":[{"href":"https:\/\/vocesdebaires.com.ar\/index.php\/wp-json\/wp\/v2\/posts\/8096"}],"collection":[{"href":"https:\/\/vocesdebaires.com.ar\/index.php\/wp-json\/wp\/v2\/posts"}],"about":[{"href":"https:\/\/vocesdebaires.com.ar\/index.php\/wp-json\/wp\/v2\/types\/post"}],"author":[{"embeddable":true,"href":"https:\/\/vocesdebaires.com.ar\/index.php\/wp-json\/wp\/v2\/users\/1"}],"replies":[{"embeddable":true,"href":"https:\/\/vocesdebaires.com.ar\/index.php\/wp-json\/wp\/v2\/comments?post=8096"}],"version-history":[{"count":0,"href":"https:\/\/vocesdebaires.com.ar\/index.php\/wp-json\/wp\/v2\/posts\/8096\/revisions"}],"wp:featuredmedia":[{"embeddable":true,"href":"https:\/\/vocesdebaires.com.ar\/index.php\/wp-json\/wp\/v2\/media\/8097"}],"wp:attachment":[{"href":"https:\/\/vocesdebaires.com.ar\/index.php\/wp-json\/wp\/v2\/media?parent=8096"}],"wp:term":[{"taxonomy":"category","embeddable":true,"href":"https:\/\/vocesdebaires.com.ar\/index.php\/wp-json\/wp\/v2\/categories?post=8096"},{"taxonomy":"post_tag","embeddable":true,"href":"https:\/\/vocesdebaires.com.ar\/index.php\/wp-json\/wp\/v2\/tags?post=8096"}],"curies":[{"name":"wp","href":"https:\/\/api.w.org\/{rel}","templated":true}]}}