{"id":8098,"date":"2017-04-17T03:00:00","date_gmt":"2017-04-17T06:00:00","guid":{"rendered":"http:\/\/vocesdebaires.com.ar\/wordpress\/index.php\/2017\/04\/17\/nuevo-monumento-en-parque-patricios\/"},"modified":"2017-04-17T03:00:00","modified_gmt":"2017-04-17T06:00:00","slug":"nuevo-monumento-en-parque-patricios","status":"publish","type":"post","link":"https:\/\/vocesdebaires.com.ar\/index.php\/2017\/04\/17\/nuevo-monumento-en-parque-patricios\/","title":{"rendered":"Nuevo monumento en Parque Patricios"},"content":{"rendered":"<p>\u00a0<br \/>\nLa donaci\u00f3n del monumento &quot;121 Almas de la Memoria&quot; de la Arq. Camila Stocovaz por parte de Hugo Romagnoli, Carlos Gonza, Pablo Luis Calderaro y Oreste Durante SA que ser\u00e1 emplazado en la esquina de la avenida Caseros y Pepiri del Parque de los Patricios fue aceptada hoy en Audiencia P\u00fablica.<br \/>\n&quot;Debo tambi\u00e9n reconocer el altruismo de quienes se har\u00e1n cargo de esta iniciativa que nos enorgullece, pues lo desarrollar\u00e1n a su costo, sin que implique ning\u00fan tipo de erogaci\u00f3n a cargo de la Ciudad&quot; afirm\u00f3 en los fundamentos de su iniciativa el diputado Claudio Ni\u00f1o (PRO), vicepresidente de la Comisi\u00f3n parlamentaria de Derechos humanos. El proyecto fue despachado por la Comisi\u00f3n de Cultura y tuvo aprobaci\u00f3n en primera lectura en la sesi\u00f3n del 6 de octubre ppdo.<br \/>\nEn el barrio de Parque de los Patricios hace veintitr\u00e9s a\u00f1os se realiza la tradicional &quot;Marcha de las Antorchas&quot;, orientada especialmente a los ni\u00f1os cada 23 de marzo y cada a\u00f1o se agrega una antorcha m\u00e1s para iluminar los recuerdos. Fue declarada de Inter\u00e9s Comunal por la junta de la Comuna 4 bajo el N\u00b0 2016 &#8211; 08767312.<br \/>\nDonaci\u00f3n de la Rep\u00fablica Argelina<br \/>\nTambi\u00e9n se efectu\u00f3 la Audiencia P\u00fablica que acept\u00f3 la donaci\u00f3n efectuada por la Embajada de la Rep\u00fablica Argelina Democr\u00e1tica y Popular de un busto del Emir Abdelkader, obra del artista Mohamed Ourradi para ser emplazado en el espacio verde situado entre las calles Cerrito, Posadas y Avenida 9 de Julio. La ley tuvo aprobaci\u00f3n inicial el 6 de octubre del a\u00f1o pasado y el proyecto hab\u00eda sido despachado por la Comisi\u00f3n de Cultura a partir de una iniciativa del diputado Abboud (PRO).<br \/>\nLa Embajada Argentina en Argelia descubri\u00f3 recientemente en el centro de Argel un busto en homenaje al General Jos\u00e9 de San Martin. &quot;Argelia fue elegida por Argentina como \u00fanico pa\u00eds africano para colocar un busto de San Martin&quot; expres\u00f3 nuestro embajador en ese pa\u00eds Ernesto Santiago Mart\u00ednez Gondra. En este marco y en relaci\u00f3n a la amistad que une a estos dos pa\u00edses es que la Embajada de la Rep\u00fablica Argelina Democr\u00e1tica y Popular en nuestro pa\u00eds dona a la ciudad de Buenos Aires un busto de Emir Abdelkader como testimonio de hermandad.<\/p>\n","protected":false},"excerpt":{"rendered":"<p>\u00a0 La donaci\u00f3n del monumento &quot;121 Almas de la Memoria&quot; de la Arq. Camila Stocovaz por parte de Hugo Romagnoli, Carlos Gonza, Pablo Luis Calderaro y Oreste Durante SA que ser\u00e1 emplazado en la esquina de la avenida Caseros y Pepiri del Parque de los Patricios fue aceptada hoy en Audiencia P\u00fablica. &quot;Debo tambi\u00e9n reconocer [&hellip;]<\/p>\n","protected":false},"author":1,"featured_media":8099,"comment_status":"open","ping_status":"open","sticky":false,"template":"","format":"standard","meta":{"_et_pb_use_builder":"","_et_pb_old_content":"","_et_gb_content_width":"","footnotes":""},"categories":[11,33],"tags":[],"class_list":["post-8098","post","type-post","status-publish","format-standard","has-post-thumbnail","hentry","category-ciudad","category-sociedad-y-cultura-2"],"_links":{"self":[{"href":"https:\/\/vocesdebaires.com.ar\/index.php\/wp-json\/wp\/v2\/posts\/8098"}],"collection":[{"href":"https:\/\/vocesdebaires.com.ar\/index.php\/wp-json\/wp\/v2\/posts"}],"about":[{"href":"https:\/\/vocesdebaires.com.ar\/index.php\/wp-json\/wp\/v2\/types\/post"}],"author":[{"embeddable":true,"href":"https:\/\/vocesdebaires.com.ar\/index.php\/wp-json\/wp\/v2\/users\/1"}],"replies":[{"embeddable":true,"href":"https:\/\/vocesdebaires.com.ar\/index.php\/wp-json\/wp\/v2\/comments?post=8098"}],"version-history":[{"count":0,"href":"https:\/\/vocesdebaires.com.ar\/index.php\/wp-json\/wp\/v2\/posts\/8098\/revisions"}],"wp:featuredmedia":[{"embeddable":true,"href":"https:\/\/vocesdebaires.com.ar\/index.php\/wp-json\/wp\/v2\/media\/8099"}],"wp:attachment":[{"href":"https:\/\/vocesdebaires.com.ar\/index.php\/wp-json\/wp\/v2\/media?parent=8098"}],"wp:term":[{"taxonomy":"category","embeddable":true,"href":"https:\/\/vocesdebaires.com.ar\/index.php\/wp-json\/wp\/v2\/categories?post=8098"},{"taxonomy":"post_tag","embeddable":true,"href":"https:\/\/vocesdebaires.com.ar\/index.php\/wp-json\/wp\/v2\/tags?post=8098"}],"curies":[{"name":"wp","href":"https:\/\/api.w.org\/{rel}","templated":true}]}}