{"id":8112,"date":"2017-04-14T03:00:00","date_gmt":"2017-04-14T06:00:00","guid":{"rendered":"http:\/\/vocesdebaires.com.ar\/wordpress\/index.php\/2017\/04\/14\/larreta-inauguro-centro-integral-de-la-mujer-2\/"},"modified":"2017-04-14T03:00:00","modified_gmt":"2017-04-14T06:00:00","slug":"larreta-inauguro-centro-integral-de-la-mujer-2","status":"publish","type":"post","link":"https:\/\/vocesdebaires.com.ar\/index.php\/2017\/04\/14\/larreta-inauguro-centro-integral-de-la-mujer-2\/","title":{"rendered":"Larreta inaugur\u00f3 Centro Integral de la Mujer"},"content":{"rendered":"<p>\u00a0<br \/>\nEl jefe de Gobierno porte\u00f1o , Rodr\u00edguez Larreta, inaugur\u00f3 el Centro Integral de la Mujer (CIM)\u00a0<a href=\"mailto:Dign@s&quot;&gt;Dign@s<\/a> de Ser, el octavo de la Ciudad y el primero de gesti\u00f3n asociada con una ONG. Rodr\u00edguez Larreta destac\u00f3 la necesidad de que haya uno de estos centros \u201cen cada comuna\u201d y expres\u00f3 que es un objetivo del Gobierno que \u201ctodas las mujeres que quieran acercarse a pedir ayuda, a denunciar, a ser apoyadas en un problema que se est\u00e1 extendiendo mucho en la sociedad, tenga uno cerca de su casa\u201d.<br \/>\nEl nuevo centro est\u00e1 ubicado en la calle Lautaro 188, en la Comuna 7, y como el resto, ofrecer\u00e1 atenci\u00f3n a v\u00edctimas de violencia de g\u00e9nero con un abordaje integral a trav\u00e9s del cual se brinda informaci\u00f3n, asistencia psicoterap\u00e9utica y social; orientaci\u00f3n y patrocinio jur\u00eddico; empoderamiento y seguimiento, todo de forma gratuita. \u201cEstamos extendiendo toda nuestra red de atenci\u00f3n a algo que, por suerte, cada vez se denuncia m\u00e1s. Hace unos a\u00f1os era un tema tab\u00fa, a la gente le costaba denunciar, hab\u00eda una mezcla de miedo y verg\u00fcenza. Eso por suerte se va rompiendo\u201d, explic\u00f3 el Jefe de Gobierno, que estuvo acompa\u00f1ado por la ministra de Desarrollo Humano y H\u00e1bitat, Guadalupe Tagliaferri.<br \/>\nAsimismo, se\u00f1al\u00f3 que aquellas mujeres que decidan acercarse a alguno de los centros \u201cvan a encontrar un concejo con asistentes sociales, abogados\u201d donde \u201cse genera adem\u00e1s un v\u00ednculo de confianza que hace que las mujeres pidan ayuda\u201d. Por su parte, Tagliaferri sostuvo que \u201cel flagelo de la violencia de g\u00e9nero se combate desde la sociedad en su conjunto\u201d y que \u201cel Estado tiene que estar pero tambi\u00e9n es importante, adem\u00e1s de tener un centro por comuna, apoyarnos y acompa\u00f1ar el trabajo de muchas organizaciones de mujeres que trabajan hace a\u00f1os en esta tem\u00e1tica\u201d.<br \/>\n\u201cEl Estado tiene que estar para acompa\u00f1ar, con los recursos, las organizaciones, las l\u00edneas de tel\u00e9fono y con los refugios, pero lo m\u00e1s importante es que las mujeres sepan que pueden vivir libres de violencia\u201d, afirm\u00f3. El CIM <a href=\"mailto:Dign@s&quot;&gt;Dign@s<\/a> de Ser abordar\u00e1 tambi\u00e9n la problem\u00e1tica en noviazgos adolescentes, con un programa integral para chicas de hasta 18 a\u00f1os que atraviesa relaciones violentas. El procedimiento para la atenci\u00f3n de mujeres v\u00edctimas de violencia de g\u00e9nero consta de varias etapas, a partir del contacto inicial que puede ser v\u00eda telef\u00f3nica, mail o personalmente.<br \/>\nEn primer lugar se pautan, como m\u00ednimo, dos entrevistas, que pueden ser con turnos programados o a demanda espont\u00e1nea cuando las mujeres llegan al Centro sin turno. Los encuentros se realizan en presencia de una trabajadora social, una psic\u00f3loga y una abogada en los casos en que sea necesario.<br \/>\nPosteriormente se realizan intervenciones en distintas \u00e1reas como en salud mental (con tratamientos psicol\u00f3gicos o psiqui\u00e1tricos, seg\u00fan sea necesario); social y legal. All\u00ed se brinda atenci\u00f3n terap\u00e9utica que consta de psicoterapia individual, con el objetivo general de reparar el da\u00f1o sufrido, y grupos de ayuda mutua, favoreciendo la desculpabilizaci\u00f3n, la deconstrucci\u00f3n de mitos y creencias culturales, el conocimiento de la din\u00e1mica del abuso en la familia, la identificaci\u00f3n de las violencias padecidas y los da\u00f1os consecuentes en ellas y en sus hijos.<br \/>\nEn el \u00e1rea social se ofrecen redes de apoyo, trabajo intersectorial a trav\u00e9s del armado de una red de instituciones, con contacto con escuelas, centros de salud, espacios de fortalecimiento laboral y econ\u00f3mico, entre otros, y seguimiento de los casos para cuando las mujeres culminen los tratamientos correspondientes. En cuanto a la parte legal, los CIM ofrecen orientaci\u00f3n y patrocinio jur\u00eddico gratuito para afrontar las causas que derivan del hecho violento como de cualquier otra tem\u00e1tica derivada.<br \/>\nOtro de los pilares de los centros son las actividades para la recuperaci\u00f3n integral de la mujer. Por un lado, se conforman grupos para redes de apoyo, dirigido a familiares, amigos o cualquier persona significativa para la mujer que se eval\u00fae confiable y positiva. Coordinado por una psic\u00f3loga y una trabajadora social, el objetivo es brindar informaci\u00f3n sobre las caracter\u00edsticas propias de la problem\u00e1tica, su din\u00e1mica y los efectos a nivel psicol\u00f3gico y social de las v\u00edctimas, as\u00ed como fortalecer su rol de apoyo y acompa\u00f1amiento de la mujer en situaci\u00f3n de violencia.<br \/>\nPor otro lado, se construye un espacio de empoderamiento con el fin de favorecer el proceso de recuperaci\u00f3n emocional de la mujer y superar la disociaci\u00f3n generada por la violencia entre el cuerpo, el pensamiento y las emociones. Se implementan t\u00e9cnicas vivenciales, ejercicios de relajaci\u00f3n, respiraci\u00f3n, expresi\u00f3n corporal, yoga y recursos audiovisuales a cargo de una terapeuta corporal capacitada. Cabe destacar que la Ciudad cuenta con una serie de programas para la asistencia y la lucha contra la violencia de g\u00e9nero como la L\u00ednea 0-800-666-8537; refugios de domicilio reservado y casas de medio camino; botones antip\u00e1nico y tobilleras Mujeres Seguras.\u00a0<\/p>\n","protected":false},"excerpt":{"rendered":"<p>\u00a0 El jefe de Gobierno porte\u00f1o , Rodr\u00edguez Larreta, inaugur\u00f3 el Centro Integral de la Mujer (CIM)\u00a0<\/p>\n","protected":false},"author":1,"featured_media":8113,"comment_status":"open","ping_status":"open","sticky":false,"template":"","format":"standard","meta":{"_et_pb_use_builder":"","_et_pb_old_content":"","_et_gb_content_width":"","footnotes":""},"categories":[11,33],"tags":[],"class_list":["post-8112","post","type-post","status-publish","format-standard","has-post-thumbnail","hentry","category-ciudad","category-sociedad-y-cultura-2"],"_links":{"self":[{"href":"https:\/\/vocesdebaires.com.ar\/index.php\/wp-json\/wp\/v2\/posts\/8112"}],"collection":[{"href":"https:\/\/vocesdebaires.com.ar\/index.php\/wp-json\/wp\/v2\/posts"}],"about":[{"href":"https:\/\/vocesdebaires.com.ar\/index.php\/wp-json\/wp\/v2\/types\/post"}],"author":[{"embeddable":true,"href":"https:\/\/vocesdebaires.com.ar\/index.php\/wp-json\/wp\/v2\/users\/1"}],"replies":[{"embeddable":true,"href":"https:\/\/vocesdebaires.com.ar\/index.php\/wp-json\/wp\/v2\/comments?post=8112"}],"version-history":[{"count":0,"href":"https:\/\/vocesdebaires.com.ar\/index.php\/wp-json\/wp\/v2\/posts\/8112\/revisions"}],"wp:featuredmedia":[{"embeddable":true,"href":"https:\/\/vocesdebaires.com.ar\/index.php\/wp-json\/wp\/v2\/media\/8113"}],"wp:attachment":[{"href":"https:\/\/vocesdebaires.com.ar\/index.php\/wp-json\/wp\/v2\/media?parent=8112"}],"wp:term":[{"taxonomy":"category","embeddable":true,"href":"https:\/\/vocesdebaires.com.ar\/index.php\/wp-json\/wp\/v2\/categories?post=8112"},{"taxonomy":"post_tag","embeddable":true,"href":"https:\/\/vocesdebaires.com.ar\/index.php\/wp-json\/wp\/v2\/tags?post=8112"}],"curies":[{"name":"wp","href":"https:\/\/api.w.org\/{rel}","templated":true}]}}