{"id":8130,"date":"2017-04-13T03:00:00","date_gmt":"2017-04-13T06:00:00","guid":{"rendered":"http:\/\/vocesdebaires.com.ar\/wordpress\/index.php\/2017\/04\/13\/ciudad-autorizo-la-escuela-itinerante\/"},"modified":"2017-04-13T03:00:00","modified_gmt":"2017-04-13T06:00:00","slug":"ciudad-autorizo-la-escuela-itinerante","status":"publish","type":"post","link":"https:\/\/vocesdebaires.com.ar\/index.php\/2017\/04\/13\/ciudad-autorizo-la-escuela-itinerante\/","title":{"rendered":"Ciudad: Autoriz\u00f3 la  &quot;Escuela Itinerante&quot;"},"content":{"rendered":"<p>\u00a0<br \/>\nEl GCBA autoriz\u00f3 a la CTERA &quot;el uso temporario y revocable del espacio p\u00fablico para la instalaci\u00f3n de una carpa en la Plaza del Congreso, en donde se realizar\u00e1n clases p\u00fablicas, conferencias, muestras y eventos culturales&quot; desde hoy hasta el 19 de abril.<br \/>\nLa disposici\u00f3n, firmada por Luis Cuence, director general de Ordenamiento del Espacio P\u00fablico del Ministerio de Ambiente y Espacio P\u00fablico porte\u00f1o, destaca la mediaci\u00f3n del Defensor del Pueblo Alejandro Amor, \u201cen el di\u00e1logo para poder arribar al otorgamiento del permiso seg\u00fan la normativa vigente\u201d, y autoriza a la Confederaci\u00f3n de Trabajadores de la Educaci\u00f3n de la Rep\u00fablica Argentina \u201cel uso temporario y revocable del espacio p\u00fablico para la instalaci\u00f3n de una carpa de 26,788 metros de longitud x 9,536 metros de ancho x 6 metros de alto en donde se realizaran clases p\u00fablicas conferencias, muestras y eventos culturales, en la Plaza del Congreso, desde la suscripci\u00f3n de la presente hasta el d\u00eda 19 de abril de 2017, fecha en que se encuentra previsto obra en ese sitio\u201d.<br \/>\nAmor estuvo presente el pasado domingo en la Plaza del Congreso, donde un grupo de docentes fue reprimido por las fuerzas de seguridad cuando buscaba instalar una escuela itinerante.\u00a0 Luego, se dirigi\u00f3 a la Sede Comunal 4 de la Polic\u00eda Metropolitana para hablar con los dos maestros que fueron detenidos y posteriormente liberados que se encontraban heridos por el accionar represivo de las fuerzas de seguridad.<br \/>\nLa Defensor\u00eda del Pueblo repudi\u00f3 la represi\u00f3n policial contra quienes ejerciendo su leg\u00edtimo derecho a reclamar se manifestaron en medio de un conflicto docente que lleva ya m\u00e1s de un mes. Desde este organismo se solicit\u00f3 que se libere una disposici\u00f3n pidiendo todas las actuaciones que se hayan llevado a cabo y naturalmente la instrucci\u00f3n de quien haya dado la orden de reprimir y el motivo por el cual la dio.<br \/>\nPor otro lado, se propuso que antes de la aplicaci\u00f3n del Protocolo de Seguridad siempre haya una instancia de mediaci\u00f3n y de di\u00e1logo para que ni el derecho a peticionar y\/ o manifestarse ni el de circular libremente por la v\u00eda p\u00fablica se vean afectados. Por eso, personal de la Defensor\u00eda del Pueblo tambi\u00e9n estuvo presente la semana pasada en el piquete que tuvo lugar frente al Ministerio de Desarrollo Social y seguir\u00e1 est\u00e1ndolo en cada una de las instancias que surjan.<\/p>\n","protected":false},"excerpt":{"rendered":"<p>\u00a0 El GCBA autoriz\u00f3 a la CTERA &quot;el uso temporario y revocable del espacio p\u00fablico para la instalaci\u00f3n de una carpa en la Plaza del Congreso, en donde se realizar\u00e1n clases p\u00fablicas, conferencias, muestras y eventos culturales&quot; desde hoy hasta el 19 de abril. La disposici\u00f3n, firmada por Luis Cuence, director general de Ordenamiento del [&hellip;]<\/p>\n","protected":false},"author":1,"featured_media":8131,"comment_status":"open","ping_status":"open","sticky":false,"template":"","format":"standard","meta":{"_et_pb_use_builder":"","_et_pb_old_content":"","_et_gb_content_width":"","footnotes":""},"categories":[11,33],"tags":[],"class_list":["post-8130","post","type-post","status-publish","format-standard","has-post-thumbnail","hentry","category-ciudad","category-sociedad-y-cultura-2"],"_links":{"self":[{"href":"https:\/\/vocesdebaires.com.ar\/index.php\/wp-json\/wp\/v2\/posts\/8130"}],"collection":[{"href":"https:\/\/vocesdebaires.com.ar\/index.php\/wp-json\/wp\/v2\/posts"}],"about":[{"href":"https:\/\/vocesdebaires.com.ar\/index.php\/wp-json\/wp\/v2\/types\/post"}],"author":[{"embeddable":true,"href":"https:\/\/vocesdebaires.com.ar\/index.php\/wp-json\/wp\/v2\/users\/1"}],"replies":[{"embeddable":true,"href":"https:\/\/vocesdebaires.com.ar\/index.php\/wp-json\/wp\/v2\/comments?post=8130"}],"version-history":[{"count":0,"href":"https:\/\/vocesdebaires.com.ar\/index.php\/wp-json\/wp\/v2\/posts\/8130\/revisions"}],"wp:featuredmedia":[{"embeddable":true,"href":"https:\/\/vocesdebaires.com.ar\/index.php\/wp-json\/wp\/v2\/media\/8131"}],"wp:attachment":[{"href":"https:\/\/vocesdebaires.com.ar\/index.php\/wp-json\/wp\/v2\/media?parent=8130"}],"wp:term":[{"taxonomy":"category","embeddable":true,"href":"https:\/\/vocesdebaires.com.ar\/index.php\/wp-json\/wp\/v2\/categories?post=8130"},{"taxonomy":"post_tag","embeddable":true,"href":"https:\/\/vocesdebaires.com.ar\/index.php\/wp-json\/wp\/v2\/tags?post=8130"}],"curies":[{"name":"wp","href":"https:\/\/api.w.org\/{rel}","templated":true}]}}