{"id":8134,"date":"2017-04-13T03:00:00","date_gmt":"2017-04-13T06:00:00","guid":{"rendered":"http:\/\/vocesdebaires.com.ar\/wordpress\/index.php\/2017\/04\/13\/reservas-por-semana-santa-superan-el-80\/"},"modified":"2017-04-13T03:00:00","modified_gmt":"2017-04-13T06:00:00","slug":"reservas-por-semana-santa-superan-el-80","status":"publish","type":"post","link":"https:\/\/vocesdebaires.com.ar\/index.php\/2017\/04\/13\/reservas-por-semana-santa-superan-el-80\/","title":{"rendered":"Reservas por Semana Santa superan el 80 %"},"content":{"rendered":"<p>\u00a0<br \/>\nMiguel Calvete, Presidente del organismo de estad\u00edsticas detall\u00f3 que el relevamiento se llev\u00f3 a cabo entre el 1 y el 7 de abril\u00a0 sobre un total de\u00a0 267 hoteles, 54 inmobiliarias, 78 agencias de viajes, 7 empresas de micros de larga distancia y 4 de transporte a\u00e9reo. Tambi\u00e9n se realizaron consultas telef\u00f3nicas y se entrecruzaron datos provistos por las principales c\u00e1maras tur\u00edsticas y hoteleras del \u00e1mbito nacional, as\u00ed como tambi\u00e9n de Brasil, Chile, Uruguay y Paraguay.<br \/>\nAl respecto, el informe arroj\u00f3 que las reservas efectuadas tanto en hoteles y hostales como en departamentos y casas de alquiler oscilan entre el 69 y el 83 %, dependiendo del punto tur\u00edstico y de los diferentes niveles de comodidad, lo que lleva a proyectar un incremento promedio de turistas del 19,5 % en referencia al a\u00f1o pasado.\u00a0 Esos datos est\u00e1n avalados tambi\u00e9n por esa misma suba en el n\u00famero de pasajes de micros y a\u00e9reos vendidos hasta el momento.<br \/>\nEn este contexto, vale destacar que un 12% de los argentinos eligi\u00f3 alojamientos de 5 estrellas, el 19%, establecimientos 4 estrellas, el 34% alojamientos 3 estrellas, mientras que el 22 % se inclin\u00f3 por hostales m\u00e1s econ\u00f3micos y el 13 % restante alquilo casas.Tambi\u00e9n se indica que subi\u00f3 el precio promedio de alojamiento, con lo cual se pagar\u00e1 entre 700 y 2500 pesos por d\u00eda, representando un incremento promedio de entre el 18 y el 26 % con respecto al a\u00f1o anterior.<br \/>\nSeg\u00fan el sondeo, los destinos nacionales se imponen a los del exterior, mostrando que el 62 % de las reservas hoteleras son para destinos internos, mientras que el 38% es para viajar fuera del pa\u00eds, ubicando a la Ciudad de Buenos en primer lugar en las preferencias de los turistas, seguida por Mar del Plata, el Partido de la Costa y Puerto Iguaz\u00fa. Villa Carlos Paz, Salta, San Carlos de Bariloche, Mendoza, Chile, Buzios, Montevideo, Colonia y Punta del Este completan las ciudades con m\u00e1s reservas de turistas argentinos para disfrutar del descanso de pascuas.<br \/>\nPor su parte, se destaca que hubo un crecimiento de reservas y venta de pasajes hacia la ciudad de Asunci\u00f3n del Paraguay, donde, seg\u00fan los agentes de viajes, las reservas crecieron m\u00e1s del 60% en lo que va de este a\u00f1o, motivadas por los tours de compras en busca de ofertas en ropa, celulares, art\u00edculos electr\u00f3nicos y perfumes. Seg\u00fan INDECOM, con Santiago de Chile se produce un fen\u00f3meno similar, que ha ubicado a esa ciudad en el top ten de las m\u00e1s visitadas, pero all\u00ed las reservas se mantienen sostenidas para esta fecha durante los \u00faltimos 24 meses.<br \/>\nEn ese sentido, el instituto de estudios estad\u00edsticos a\u00f1adi\u00f3 que \u201cno hay que dejar de evaluar que se trata del per\u00edodo m\u00e1s importante para el turismo en el a\u00f1o, despu\u00e9s de los recesos escolares de invierno y verano&quot;.Para Miguel Calvete, \u201clos feriados anteriores, tanto los de carnaval como el del D\u00eda de la Memoria registraron un movimiento moderado porque mucha gente espera Semana Santa para escaparse a descansar\u201d. Finalmente, el especialista afirm\u00f3 que \u201cla proyecci\u00f3n es muy favorable en materia de movimiento tur\u00edstico\u201d y explic\u00f3 que \u201cla reducci\u00f3n de feriados puente establecida en el calendario de este a\u00f1o tambi\u00e9n hace que muchos turistas opten por aprovechar estos d\u00edas venideros para cortar el primer semestre del a\u00f1o\u201d.<br \/>\nFOTO IDENCOM<\/p>\n","protected":false},"excerpt":{"rendered":"<p>\u00a0 Miguel Calvete, Presidente del organismo de estad\u00edsticas detall\u00f3 que el relevamiento se llev\u00f3 a cabo entre el 1 y el 7 de abril\u00a0 sobre un total de\u00a0 267 hoteles, 54 inmobiliarias, 78 agencias de viajes, 7 empresas de micros de larga distancia y 4 de transporte a\u00e9reo. Tambi\u00e9n se realizaron consultas telef\u00f3nicas y se [&hellip;]<\/p>\n","protected":false},"author":1,"featured_media":7183,"comment_status":"open","ping_status":"open","sticky":false,"template":"","format":"standard","meta":{"_et_pb_use_builder":"","_et_pb_old_content":"","_et_gb_content_width":"","footnotes":""},"categories":[11,33],"tags":[],"class_list":["post-8134","post","type-post","status-publish","format-standard","has-post-thumbnail","hentry","category-ciudad","category-sociedad-y-cultura-2"],"_links":{"self":[{"href":"https:\/\/vocesdebaires.com.ar\/index.php\/wp-json\/wp\/v2\/posts\/8134"}],"collection":[{"href":"https:\/\/vocesdebaires.com.ar\/index.php\/wp-json\/wp\/v2\/posts"}],"about":[{"href":"https:\/\/vocesdebaires.com.ar\/index.php\/wp-json\/wp\/v2\/types\/post"}],"author":[{"embeddable":true,"href":"https:\/\/vocesdebaires.com.ar\/index.php\/wp-json\/wp\/v2\/users\/1"}],"replies":[{"embeddable":true,"href":"https:\/\/vocesdebaires.com.ar\/index.php\/wp-json\/wp\/v2\/comments?post=8134"}],"version-history":[{"count":0,"href":"https:\/\/vocesdebaires.com.ar\/index.php\/wp-json\/wp\/v2\/posts\/8134\/revisions"}],"wp:featuredmedia":[{"embeddable":true,"href":"https:\/\/vocesdebaires.com.ar\/index.php\/wp-json\/wp\/v2\/media\/7183"}],"wp:attachment":[{"href":"https:\/\/vocesdebaires.com.ar\/index.php\/wp-json\/wp\/v2\/media?parent=8134"}],"wp:term":[{"taxonomy":"category","embeddable":true,"href":"https:\/\/vocesdebaires.com.ar\/index.php\/wp-json\/wp\/v2\/categories?post=8134"},{"taxonomy":"post_tag","embeddable":true,"href":"https:\/\/vocesdebaires.com.ar\/index.php\/wp-json\/wp\/v2\/tags?post=8134"}],"curies":[{"name":"wp","href":"https:\/\/api.w.org\/{rel}","templated":true}]}}