{"id":8139,"date":"2017-04-12T03:42:42","date_gmt":"2017-04-12T06:42:42","guid":{"rendered":"http:\/\/vocesdebaires.com.ar\/wordpress\/index.php\/2017\/04\/12\/programa-de-formacion-asuntos-internacionales\/"},"modified":"2017-04-12T03:42:42","modified_gmt":"2017-04-12T06:42:42","slug":"programa-de-formacion-asuntos-internacionales","status":"publish","type":"post","link":"https:\/\/vocesdebaires.com.ar\/index.php\/2017\/04\/12\/programa-de-formacion-asuntos-internacionales\/","title":{"rendered":"Programa de Formaci\u00f3n Asuntos Internacionales"},"content":{"rendered":"<p>\u00a0<br \/>\nLa segunda clase de la IV Edici\u00f3n del Programa de Formaci\u00f3n en Asuntos Internacionales -PFAI- tuvo lugar en el sal\u00f3n &quot;Pte. Dr. Ra\u00fal Alfons\u00edn&quot; y la disertaci\u00f3n estuvo a cargo del Dr. Ra\u00fal Ochoa, quien abord\u00f3 la tem\u00e1tica relativa a los escenarios internacionales y el fen\u00f3meno de &quot;Trumpeconomics&quot;. La jornada cont\u00f3 con la presencia del Director General de Relaciones Internacionales y Cooperaci\u00f3n Lic. Juan Diego Bellocchio. El invitado comenz\u00f3 su exposici\u00f3n aludiendo a la existencia de un cambio de \u00e9poca, caracterizado fundamentalmente por r\u00e1pidos procesos de transformaci\u00f3n e innovaci\u00f3n tecnol\u00f3gica que impactan sobre la relaci\u00f3n Capital-Trabajo, eje central del Capitalismo. Si bien resulta sencillo identificar la ca\u00edda de la Uni\u00f3n Sovi\u00e9tica y del Muro de Berl\u00edn como punto de partida de estas modificaciones, no es posible determinar qu\u00e9 tanto se extender\u00e1n.<br \/>\nDesde ese entonces, el mundo se ha caracterizado por acelerados procesos de urbanizaci\u00f3n, que se han traducido en el surgimiento de grandes metr\u00f3polis que concentran grandes porcentajes del PBI total del pa\u00eds al que pertenecen. Estas grandes ciudades constituyen importantes desaf\u00edos en t\u00e9rminos de seguridad y administraci\u00f3n. Asimismo, el crecimiento poblacional se da en forma dis\u00edmil y muchos pa\u00edses enfrentan serias tendencias al envejecimiento de su poblaci\u00f3n; un claro ejemplo de ello es China, que no se sabe si lograr\u00e1 constituirse como un pa\u00eds rico antes de convertirse en un pa\u00eds &quot;viejo&quot;. Por otro lado, el escenario internacional se encuentra signado por importantes fen\u00f3menos nacionalistas, populistas y xen\u00f3fobos que han contribuido, junto a otros m\u00faltiples factores, al surgimiento de un sentimiento anti-globalizaci\u00f3n cada vez mayor.<br \/>\nAnte este panorama, lo local y regional adquiere mayor relevancia. Todos estos elementos se traducen en la existencia de un mundo incierto, dif\u00edcil de descifrar. Hechos tales como la llegada de Trump al poder y el Brexit son s\u00f3lo algunos ejemplos de c\u00f3mo aquello que parec\u00eda ser inviable, escap\u00f3 a dichas previsiones y sucedi\u00f3. En este contexto, la Argentina debe orientar sus esfuerzos a reforzar la alianza entre los miembros originales del Mercosur. Si bien la reinserci\u00f3n en el mundo es esencial, es fundamental lograr, primero, una agenda interna de competitividad. Por \u00faltimo, en el marco de la irrupci\u00f3n de pa\u00edses emergentes, el Dr. Ochoa hizo especial alusi\u00f3n al caso de China, que se destaca en calidad de actor internacional, con presencia efectiva en ambos hemisferios.<br \/>\nSu crecimiento econ\u00f3mico en la \u00faltima d\u00e9cada le ha permitido aumentar su influencia, traducida en inversiones, pr\u00e9stamos y grandes obras de infraestructura orientadas al desarrollo del comercio y la energ\u00eda. La Nueva Ruta de la Seda ha multiplicado cuatro veces el comercio entre dicho pa\u00eds y la Uni\u00f3n Europea. El Dr. Ra\u00fal Ochoa es Contador P\u00fablico Nacional por la Universidad de Buenos Aires -UBA-. Asesor del C\u00edrculo de Legisladores Nacionales de Argentina desde el a\u00f1o 2006 y fue Subsecretario de Comercio Exterior de la Naci\u00f3n (1990-1991). Es Profesor de posgrado en la Universidad Nacional de Tres de Febrero -UNTREF-, en la UCA y en la Facultad de Ciencias Econ\u00f3micas -UBA-. Consejero del Consejo Argentino para las Relaciones Internacionales -CARI-.<br \/>\n\u00a0<\/p>\n","protected":false},"excerpt":{"rendered":"<p>\u00a0 La segunda clase de la IV Edici\u00f3n del Programa de Formaci\u00f3n en Asuntos Internacionales -PFAI- tuvo lugar en el sal\u00f3n &quot;Pte. Dr. Ra\u00fal Alfons\u00edn&quot; y la disertaci\u00f3n estuvo a cargo del Dr. Ra\u00fal Ochoa, quien abord\u00f3 la tem\u00e1tica relativa a los escenarios internacionales y el fen\u00f3meno de &quot;Trumpeconomics&quot;. La jornada cont\u00f3 con la presencia [&hellip;]<\/p>\n","protected":false},"author":1,"featured_media":8127,"comment_status":"open","ping_status":"open","sticky":false,"template":"","format":"standard","meta":{"_et_pb_use_builder":"","_et_pb_old_content":"","_et_gb_content_width":"","footnotes":""},"categories":[11,33],"tags":[],"class_list":["post-8139","post","type-post","status-publish","format-standard","has-post-thumbnail","hentry","category-ciudad","category-sociedad-y-cultura-2"],"_links":{"self":[{"href":"https:\/\/vocesdebaires.com.ar\/index.php\/wp-json\/wp\/v2\/posts\/8139"}],"collection":[{"href":"https:\/\/vocesdebaires.com.ar\/index.php\/wp-json\/wp\/v2\/posts"}],"about":[{"href":"https:\/\/vocesdebaires.com.ar\/index.php\/wp-json\/wp\/v2\/types\/post"}],"author":[{"embeddable":true,"href":"https:\/\/vocesdebaires.com.ar\/index.php\/wp-json\/wp\/v2\/users\/1"}],"replies":[{"embeddable":true,"href":"https:\/\/vocesdebaires.com.ar\/index.php\/wp-json\/wp\/v2\/comments?post=8139"}],"version-history":[{"count":0,"href":"https:\/\/vocesdebaires.com.ar\/index.php\/wp-json\/wp\/v2\/posts\/8139\/revisions"}],"wp:featuredmedia":[{"embeddable":true,"href":"https:\/\/vocesdebaires.com.ar\/index.php\/wp-json\/wp\/v2\/media\/8127"}],"wp:attachment":[{"href":"https:\/\/vocesdebaires.com.ar\/index.php\/wp-json\/wp\/v2\/media?parent=8139"}],"wp:term":[{"taxonomy":"category","embeddable":true,"href":"https:\/\/vocesdebaires.com.ar\/index.php\/wp-json\/wp\/v2\/categories?post=8139"},{"taxonomy":"post_tag","embeddable":true,"href":"https:\/\/vocesdebaires.com.ar\/index.php\/wp-json\/wp\/v2\/tags?post=8139"}],"curies":[{"name":"wp","href":"https:\/\/api.w.org\/{rel}","templated":true}]}}