{"id":8152,"date":"2017-04-12T03:00:00","date_gmt":"2017-04-12T06:00:00","guid":{"rendered":"http:\/\/vocesdebaires.com.ar\/wordpress\/index.php\/2017\/04\/12\/pami-asiste-afiliados-damnificados-por-la-lluvias\/"},"modified":"2017-04-12T03:00:00","modified_gmt":"2017-04-12T06:00:00","slug":"pami-asiste-afiliados-damnificados-por-la-lluvias","status":"publish","type":"post","link":"https:\/\/vocesdebaires.com.ar\/index.php\/2017\/04\/12\/pami-asiste-afiliados-damnificados-por-la-lluvias\/","title":{"rendered":"PAMI: Asiste afiliados damnificados por la lluvias"},"content":{"rendered":"<p>\u00a0<br \/>\nPAMI envi\u00f3 equipos de ayuda a las zonas m\u00e1s afectadas por las inundaciones como consecuencia del fuerte temporal que se produjo en distintas zonas del pa\u00eds; entre ellas, las provincias de Chubut y Tucum\u00e1n. Este domingo lleg\u00f3\u00a0 a Comodoro Rivadavia una ambulancia 4 x 4 de PAMI que ya trabaja con un equipo compuesto por dos choferes, un coordinador regional, tres m\u00e9dicos, una psic\u00f3loga, una asistente social y un especialista en cat\u00e1strofes.<br \/>\nLa UGL XVII \u2013 Chubut de PAMI se encarg\u00f3 de proveer agua y elementos de limpieza a los afiliados damnificados y en los centros de jubilados de la zona. En tanto, la titular de esa UGL, Lidia C\u00f3rdoba, fue nombrada como coordinadora del Comit\u00e9 de Crisis de Comodoro Rivadavia.<br \/>\nLa localidad tucumana de La Madrid qued\u00f3 afectada por las intensas lluvias, por lo que PAMI envi\u00f3 dos ambulancias 4&#215;4 y una camioneta con kits de emergencias, productos de limpieza, agua mineral y alimentos no perecederos, para distribuir en los centros de evacuados.Tanto en esas provincias se\u00f1aladas como en La Pampa se realizaron relevamientos puntuales para brindar atenci\u00f3n m\u00e9dica integral a los jubilados que no pudieron salir de sus hogares y un seguimiento de la situaci\u00f3n en general.<\/p>\n","protected":false},"excerpt":{"rendered":"<p>\u00a0 PAMI envi\u00f3 equipos de ayuda a las zonas m\u00e1s afectadas por las inundaciones como consecuencia del fuerte temporal que se produjo en distintas zonas del pa\u00eds; entre ellas, las provincias de Chubut y Tucum\u00e1n. Este domingo lleg\u00f3\u00a0 a Comodoro Rivadavia una ambulancia 4 x 4 de PAMI que ya trabaja con un equipo compuesto [&hellip;]<\/p>\n","protected":false},"author":1,"featured_media":8153,"comment_status":"open","ping_status":"open","sticky":false,"template":"","format":"standard","meta":{"_et_pb_use_builder":"","_et_pb_old_content":"","_et_gb_content_width":"","footnotes":""},"categories":[12,34],"tags":[],"class_list":["post-8152","post","type-post","status-publish","format-standard","has-post-thumbnail","hentry","category-nacion","category-politica"],"_links":{"self":[{"href":"https:\/\/vocesdebaires.com.ar\/index.php\/wp-json\/wp\/v2\/posts\/8152"}],"collection":[{"href":"https:\/\/vocesdebaires.com.ar\/index.php\/wp-json\/wp\/v2\/posts"}],"about":[{"href":"https:\/\/vocesdebaires.com.ar\/index.php\/wp-json\/wp\/v2\/types\/post"}],"author":[{"embeddable":true,"href":"https:\/\/vocesdebaires.com.ar\/index.php\/wp-json\/wp\/v2\/users\/1"}],"replies":[{"embeddable":true,"href":"https:\/\/vocesdebaires.com.ar\/index.php\/wp-json\/wp\/v2\/comments?post=8152"}],"version-history":[{"count":0,"href":"https:\/\/vocesdebaires.com.ar\/index.php\/wp-json\/wp\/v2\/posts\/8152\/revisions"}],"wp:featuredmedia":[{"embeddable":true,"href":"https:\/\/vocesdebaires.com.ar\/index.php\/wp-json\/wp\/v2\/media\/8153"}],"wp:attachment":[{"href":"https:\/\/vocesdebaires.com.ar\/index.php\/wp-json\/wp\/v2\/media?parent=8152"}],"wp:term":[{"taxonomy":"category","embeddable":true,"href":"https:\/\/vocesdebaires.com.ar\/index.php\/wp-json\/wp\/v2\/categories?post=8152"},{"taxonomy":"post_tag","embeddable":true,"href":"https:\/\/vocesdebaires.com.ar\/index.php\/wp-json\/wp\/v2\/tags?post=8152"}],"curies":[{"name":"wp","href":"https:\/\/api.w.org\/{rel}","templated":true}]}}