{"id":8160,"date":"2017-04-10T03:00:00","date_gmt":"2017-04-10T06:00:00","guid":{"rendered":"http:\/\/vocesdebaires.com.ar\/wordpress\/index.php\/2017\/04\/10\/larreta-bid-financiara-parte-del-barrio-31\/"},"modified":"2017-04-10T03:00:00","modified_gmt":"2017-04-10T06:00:00","slug":"larreta-bid-financiara-parte-del-barrio-31","status":"publish","type":"post","link":"https:\/\/vocesdebaires.com.ar\/index.php\/2017\/04\/10\/larreta-bid-financiara-parte-del-barrio-31\/","title":{"rendered":"Larreta: BID financiar\u00e1 parte del Barrio 31"},"content":{"rendered":"<p>\u00a0<br \/>\nEl jefe de Gobierno de la Ciudad de Buenos Aires, Horacio Rodr\u00edguez Larreta, anunci\u00f3 un acuerdo con el Banco Interamericano de Desarrollo (BID) para financiar obras de integraci\u00f3n social y urbana en el Barrio 31, lo que consider\u00f3 como \u201cun paso muy importante para todos los vecinos\u201d.\u201cTodo esto hace a nuestro proyecto de integraci\u00f3n del Barrio 31, que es lo mismo que estamos haciendo en otros barrios, como en el 20, en Rodrigo Bueno, en Fraga, para cumplir nuestros sue\u00f1os de que todos los vecinos tengan los mismos derechos, las mismas responsabilidades, las mismas oportunidades en toda la Ciudad. Es un paso muy importante para nosotros y para todos los vecinos del barrio\u201d, asegur\u00f3.<br \/>\nJunto al presidente del BID, Alberto Moreno; al ministro de Finanzas de la Naci\u00f3n, Luis Caputo; al intendente de Medell\u00edn, Federico Guti\u00e9rrez, y al secretario de Integraci\u00f3n Social y Urbana de la Ciudad, Diego Fern\u00e1ndez, Rodr\u00edguez Larreta resalt\u00f3 tambi\u00e9n que la decisi\u00f3n de la entidad de mudar sus oficinas regionales precisamente al Barrio 31 \u201ces un signo de apoyo enorme\u201d.Del acto participaron adem\u00e1s la ministra de Educaci\u00f3n de la Ciudad, Soledad Acu\u00f1a; el de Hacienda, Mart\u00edn Mura, y el secretario general de Gobierno, Fernando Straface. \u201cEst\u00e1n ayud\u00e1ndonos a financiar una parte muy importante, la relocalizaci\u00f3n del ministerio de Educaci\u00f3n.<br \/>\nEn un a\u00f1o y medio vamos a tener ac\u00e1 el ministerio y tres escuelas funcionando en esta parte del barrio\u201d, a\u00f1adi\u00f3 el Jefe de Gobierno, que tambi\u00e9n agradeci\u00f3 el apoyo recibido por parte del presidente de la Naci\u00f3n, Mauricio Macri.\u00a0La ayuda del BID, que se encuentra en etapa de dise\u00f1o y ser\u00e1 aprobado a fines de agosto, ser\u00e1 a trav\u00e9s de una L\u00ednea de Cr\u00e9dito Condicional (CCLIP) para el \u201cPrograma de Integraci\u00f3n Urbana y Equidad Educativa\u201d por un total de 150 millones de d\u00f3lares, de los cuales 70 ser\u00e1n destinados para la construcci\u00f3n de la sede del Ministerio de Educaci\u00f3n porte\u00f1o; 30 para el Plan Belgrano y un centro de formaci\u00f3n; y 50 para el mejoramiento de viviendas. En ese marco, Moreno valor\u00f3 el plan de integraci\u00f3n que impulsa la Ciudad para las zonas con mayores problemas y enfatiz\u00f3 que \u201cesa es la esencia del desarrollo\u201d.<br \/>\n\u201cEl sue\u00f1o es nuestro, pero quienes van a materializar ese sue\u00f1o son todos los que viven aqu\u00ed. Nosotros estamos poniendo un granito de arena para que muchos puedan construir un sue\u00f1o hacia el futuro\u201d, a\u00f1adi\u00f3. Por su parte, Fern\u00e1ndez afirm\u00f3 que sienten \u201chonor y orgullo\u201d por transformar el Barrio 31 \u201cen un barrio m\u00e1s de la Ciudad\u201d y agreg\u00f3: \u201cEstamos cumpliendo un sue\u00f1o, volvi\u00e9ndolo realidad, que hace muchos a\u00f1os tiene este barrio y toda la Ciudad. Estamos trabajando para que todos los vecinos del Barrio 31 tengan las mismas posibilidades de crecer, de trabajar, de educarse y de desarrollares\u201d.<br \/>\nPor \u00faltimo, el alcalde de Medell\u00edn se mostr\u00f3 emocionado por el plan que lleva adelante el Gobierno porte\u00f1o, valor\u00f3 la confluencia entre la inversi\u00f3n p\u00fablica y la privada y sostuvo que \u201cla gente recupera la dignidad cuando se intervienen los territorios, cuando se da importancia a la vivienda, a la recuperaci\u00f3n de espacios p\u00fablicos, a las oportunidades\u201d.\u00a0 Uno de los componentes principales del Programa de Integraci\u00f3n Urbana y Equidad Educativa es la construcci\u00f3n del Polo Educativo Mar\u00eda Elena Walsh, que incluye la sede del Ministerio de Educaci\u00f3n y tres establecimientos educativos para 1.900 alumnos, lo que facilita y aumenta el acceso a la educaci\u00f3n para los ni\u00f1os y adultos que viven en ese barrio.<br \/>\nAdem\u00e1s, contempla el mejoramiento de espacios urbanos enfocado en el desarrollo de \u00e1reas p\u00fablicas y verdes, como plazas y parques, para que el Barrio 31 cuente con lugares de encuentro, conectividad y recreaci\u00f3n para sus residentes. Asimismo se prev\u00e9 un programa de mejoramiento de las viviendas y comercios existentes, a trav\u00e9s del cual se apoyar\u00e1 la incorporaci\u00f3n de t\u00e9cnicas constructivas para mejorar las condiciones de habitabilidad, incluyendo la incorporaci\u00f3n de medidas de eficiencia energ\u00e9tica.<br \/>\nOtro de los puntos del programa de integraci\u00f3n es la transformaci\u00f3n productiva del barrio, incluyendo nuevos equipamientos comunitarios para mejorar la provisi\u00f3n de servicios, educaci\u00f3n y desarrollo laboral, fomentando en particular capacidades para la econom\u00eda del conocimiento. Por otro lado, el BID manifest\u00f3 la intenci\u00f3n de construir su edificio de oficinas para la regi\u00f3n dentro del Barrio 31 y ya se encuentra analizando opciones para que la ubicaci\u00f3n guarde relaci\u00f3n con el principal objetivo, que es la integraci\u00f3n con el entorno de la Ciudad de Buenos Aires.<br \/>\nCabe destacar que el a\u00f1o pasado, el Gobierno de la Ciudad present\u00f3 su programa de Integraci\u00f3n Social y Urbana destinado a los barrios vulnerables, con el objetivo de mejorar la calidad de vida de todos los vecinos, asegurando igualdad de oportunidades en el acceso a la salud, la educaci\u00f3n, el trabajo y la vivienda. El programa se inici\u00f3 en agosto en el Barrio 31 y continuar\u00e1 implement\u00e1ndose en el Barrio 20, Fraga, Rodrigo Bueno, Lamadrid, Sald\u00edas, Elefante Blanco, Villa 15, Camino de Sirga, 21-24 Acumar y 1-11-14.<\/p>\n","protected":false},"excerpt":{"rendered":"<p>\u00a0 El jefe de Gobierno de la Ciudad de Buenos Aires, Horacio Rodr\u00edguez Larreta, anunci\u00f3 un acuerdo con el Banco Interamericano de Desarrollo (BID) para financiar obras de integraci\u00f3n social y urbana en el Barrio 31, lo que consider\u00f3 como \u201cun paso muy importante para todos los vecinos\u201d.\u201cTodo esto hace a nuestro proyecto de integraci\u00f3n [&hellip;]<\/p>\n","protected":false},"author":1,"featured_media":8161,"comment_status":"open","ping_status":"open","sticky":false,"template":"","format":"standard","meta":{"_et_pb_use_builder":"","_et_pb_old_content":"","_et_gb_content_width":"","footnotes":""},"categories":[11,32],"tags":[],"class_list":["post-8160","post","type-post","status-publish","format-standard","has-post-thumbnail","hentry","category-ciudad","category-comunas"],"_links":{"self":[{"href":"https:\/\/vocesdebaires.com.ar\/index.php\/wp-json\/wp\/v2\/posts\/8160"}],"collection":[{"href":"https:\/\/vocesdebaires.com.ar\/index.php\/wp-json\/wp\/v2\/posts"}],"about":[{"href":"https:\/\/vocesdebaires.com.ar\/index.php\/wp-json\/wp\/v2\/types\/post"}],"author":[{"embeddable":true,"href":"https:\/\/vocesdebaires.com.ar\/index.php\/wp-json\/wp\/v2\/users\/1"}],"replies":[{"embeddable":true,"href":"https:\/\/vocesdebaires.com.ar\/index.php\/wp-json\/wp\/v2\/comments?post=8160"}],"version-history":[{"count":0,"href":"https:\/\/vocesdebaires.com.ar\/index.php\/wp-json\/wp\/v2\/posts\/8160\/revisions"}],"wp:featuredmedia":[{"embeddable":true,"href":"https:\/\/vocesdebaires.com.ar\/index.php\/wp-json\/wp\/v2\/media\/8161"}],"wp:attachment":[{"href":"https:\/\/vocesdebaires.com.ar\/index.php\/wp-json\/wp\/v2\/media?parent=8160"}],"wp:term":[{"taxonomy":"category","embeddable":true,"href":"https:\/\/vocesdebaires.com.ar\/index.php\/wp-json\/wp\/v2\/categories?post=8160"},{"taxonomy":"post_tag","embeddable":true,"href":"https:\/\/vocesdebaires.com.ar\/index.php\/wp-json\/wp\/v2\/tags?post=8160"}],"curies":[{"name":"wp","href":"https:\/\/api.w.org\/{rel}","templated":true}]}}