{"id":8162,"date":"2017-04-10T03:00:00","date_gmt":"2017-04-10T06:00:00","guid":{"rendered":"http:\/\/vocesdebaires.com.ar\/wordpress\/index.php\/2017\/04\/10\/reinauguro-patio-los-lecheros-con-propuesta\/"},"modified":"2017-04-10T03:00:00","modified_gmt":"2017-04-10T06:00:00","slug":"reinauguro-patio-los-lecheros-con-propuesta","status":"publish","type":"post","link":"https:\/\/vocesdebaires.com.ar\/index.php\/2017\/04\/10\/reinauguro-patio-los-lecheros-con-propuesta\/","title":{"rendered":"Reinaugur\u00f3: Patio los Lecheros con propuesta"},"content":{"rendered":"<p>\u00a0<br \/>\nEl jefe de Gobierno de la Ciudad de Buenos Aires, Horacio Rodr\u00edguez Larreta, y el vicejefe, Diego Santilli, participaron de la reinauguraci\u00f3n del Patio de los Lecheros, que est\u00e1 ubicado en el barrio de Caballito y forma parte de BA Capital Gastron\u00f3mica.\u00a0El lugar, que estuvo cerrado durante marzo, acerca a los vecinos una propuesta gastron\u00f3mica y cultural diferente que revaloriza el predio, favoreciendo el desarrollo de la zona, brindando seguridad y generando empleo.<br \/>\nTras el relanzamiento de hoy, el Patio de los Lecheros funcionar\u00e1 todos los fines de semana de abril, mientras que desde mayo quedar\u00e1 abierto permanentemente, siempre con entrada libre y gratuita. Entre las atracciones que podr\u00e1n encontrar los visitantes se destacan una huerta urbana, un minimercados de frutas y jugos org\u00e1nicos, m\u00fasica en vivo y una kermesse con juegos para los m\u00e1s chicos. Adem\u00e1s, habr\u00e1 intervenciones art\u00edsticas en los muros del predio, una de las cuales estar\u00e1 referida a la historia del Patio de los Lecheros.<br \/>\nJunto a otras como el Ciclo de Cine y Foodtrucks o el Campeonato Federal del Asado, la iniciativa forma parte del programa BA Capital Gastron\u00f3mica, que tiene como objetivo impulsar a la Ciudad de Buenos Aires como referente gastron\u00f3mico de Am\u00e9rica Latina, fomentando el empleo y el turismo. Cabe recordar que la Ciudad es la Capital Iberoamericana de la Cultura Gastron\u00f3mica 2017, designada por la Academia Iberoamericana de Gastronom\u00eda (AIG) por la calidad y creatividad de la cocina porte\u00f1a.<br \/>\nEl Patio de los Lecheros era tradicionalmente la estaci\u00f3n de tren, muy cercana a la actual \u201cCaballito\u201d, donde llegaba la leche proveniente de los campos del interior del pa\u00eds, que era aguardada por los lecheros, inmigrantes de diversos or\u00edgenes, para vender el producto por las calles de Buenos Aires. Cuando en 1961 se prohibi\u00f3 la venta de leche sin proceso de pasteurizaci\u00f3n, el lugar cay\u00f3 en desuso. Sin embargo, el a\u00f1o pasado el Gobierno de la Ciudad decidi\u00f3 iniciar un proceso de puesta en valor para convertirlo en una alternativa para las salidas de los vecinos.<\/p>\n","protected":false},"excerpt":{"rendered":"<p>\u00a0 El jefe de Gobierno de la Ciudad de Buenos Aires, Horacio Rodr\u00edguez Larreta, y el vicejefe, Diego Santilli, participaron de la reinauguraci\u00f3n del Patio de los Lecheros, que est\u00e1 ubicado en el barrio de Caballito y forma parte de BA Capital Gastron\u00f3mica.\u00a0El lugar, que estuvo cerrado durante marzo, acerca a los vecinos una propuesta [&hellip;]<\/p>\n","protected":false},"author":1,"featured_media":8163,"comment_status":"open","ping_status":"open","sticky":false,"template":"","format":"standard","meta":{"_et_pb_use_builder":"","_et_pb_old_content":"","_et_gb_content_width":"","footnotes":""},"categories":[11,32],"tags":[],"class_list":["post-8162","post","type-post","status-publish","format-standard","has-post-thumbnail","hentry","category-ciudad","category-comunas"],"_links":{"self":[{"href":"https:\/\/vocesdebaires.com.ar\/index.php\/wp-json\/wp\/v2\/posts\/8162"}],"collection":[{"href":"https:\/\/vocesdebaires.com.ar\/index.php\/wp-json\/wp\/v2\/posts"}],"about":[{"href":"https:\/\/vocesdebaires.com.ar\/index.php\/wp-json\/wp\/v2\/types\/post"}],"author":[{"embeddable":true,"href":"https:\/\/vocesdebaires.com.ar\/index.php\/wp-json\/wp\/v2\/users\/1"}],"replies":[{"embeddable":true,"href":"https:\/\/vocesdebaires.com.ar\/index.php\/wp-json\/wp\/v2\/comments?post=8162"}],"version-history":[{"count":0,"href":"https:\/\/vocesdebaires.com.ar\/index.php\/wp-json\/wp\/v2\/posts\/8162\/revisions"}],"wp:featuredmedia":[{"embeddable":true,"href":"https:\/\/vocesdebaires.com.ar\/index.php\/wp-json\/wp\/v2\/media\/8163"}],"wp:attachment":[{"href":"https:\/\/vocesdebaires.com.ar\/index.php\/wp-json\/wp\/v2\/media?parent=8162"}],"wp:term":[{"taxonomy":"category","embeddable":true,"href":"https:\/\/vocesdebaires.com.ar\/index.php\/wp-json\/wp\/v2\/categories?post=8162"},{"taxonomy":"post_tag","embeddable":true,"href":"https:\/\/vocesdebaires.com.ar\/index.php\/wp-json\/wp\/v2\/tags?post=8162"}],"curies":[{"name":"wp","href":"https:\/\/api.w.org\/{rel}","templated":true}]}}