{"id":8164,"date":"2017-04-10T03:00:00","date_gmt":"2017-04-10T06:00:00","guid":{"rendered":"http:\/\/vocesdebaires.com.ar\/wordpress\/index.php\/2017\/04\/10\/nuevo-operativo-contra-la-mafia-de-los-celulares\/"},"modified":"2017-04-10T03:00:00","modified_gmt":"2017-04-10T06:00:00","slug":"nuevo-operativo-contra-la-mafia-de-los-celulares","status":"publish","type":"post","link":"https:\/\/vocesdebaires.com.ar\/index.php\/2017\/04\/10\/nuevo-operativo-contra-la-mafia-de-los-celulares\/","title":{"rendered":"Nuevo operativo contra la mafia de los celulares"},"content":{"rendered":"<p>La Agencia Gubernamental de Control particip\u00f3\u00a0 de un operativo realizado en el barrio porte\u00f1o de Once que tuvo como objetivo atacar la venta ilegal de celulares. Con la presencia de Divisi\u00f3n de Robos y Hurtos de la Polic\u00eda Federal, la Secretaria de Seguridad Nacional, la Direcci\u00f3n General de Migraciones, AFIP y la ENACOM se secuestraron 79 celulares robados y detuvieron a 20 personas en una galer\u00eda ubicada en la avenida Pueyrred\u00f3n al 200.<br \/>\nEn tanto, inspectores de la AGC, clausuraron 12 locales y constataron 4 violaciones de clausura.Cabe recordar que para llevar a cabo este tipo de operativos es fundamental que los vecinos denuncien llamando al 147 o ingresando a la p\u00e1gina web: <a href=\"https:\/\/suaci-gcba.buenosaires.gob.ar\/&quot;&gt;https:\/\/suaci-gcba.buenosaires.gob.ar\/<\/a><\/p>\n","protected":false},"excerpt":{"rendered":"<p>La Agencia Gubernamental de Control particip\u00f3\u00a0 de un operativo realizado en el barrio porte\u00f1o de Once que tuvo como objetivo atacar la venta ilegal de celulares. Con la presencia de Divisi\u00f3n de Robos y Hurtos de la Polic\u00eda Federal, la Secretaria de Seguridad Nacional, la Direcci\u00f3n General de Migraciones, AFIP y la ENACOM se secuestraron [&hellip;]<\/p>\n","protected":false},"author":1,"featured_media":8165,"comment_status":"open","ping_status":"open","sticky":false,"template":"","format":"standard","meta":{"_et_pb_use_builder":"","_et_pb_old_content":"","_et_gb_content_width":"","footnotes":""},"categories":[11,32],"tags":[],"class_list":["post-8164","post","type-post","status-publish","format-standard","has-post-thumbnail","hentry","category-ciudad","category-comunas"],"_links":{"self":[{"href":"https:\/\/vocesdebaires.com.ar\/index.php\/wp-json\/wp\/v2\/posts\/8164"}],"collection":[{"href":"https:\/\/vocesdebaires.com.ar\/index.php\/wp-json\/wp\/v2\/posts"}],"about":[{"href":"https:\/\/vocesdebaires.com.ar\/index.php\/wp-json\/wp\/v2\/types\/post"}],"author":[{"embeddable":true,"href":"https:\/\/vocesdebaires.com.ar\/index.php\/wp-json\/wp\/v2\/users\/1"}],"replies":[{"embeddable":true,"href":"https:\/\/vocesdebaires.com.ar\/index.php\/wp-json\/wp\/v2\/comments?post=8164"}],"version-history":[{"count":0,"href":"https:\/\/vocesdebaires.com.ar\/index.php\/wp-json\/wp\/v2\/posts\/8164\/revisions"}],"wp:featuredmedia":[{"embeddable":true,"href":"https:\/\/vocesdebaires.com.ar\/index.php\/wp-json\/wp\/v2\/media\/8165"}],"wp:attachment":[{"href":"https:\/\/vocesdebaires.com.ar\/index.php\/wp-json\/wp\/v2\/media?parent=8164"}],"wp:term":[{"taxonomy":"category","embeddable":true,"href":"https:\/\/vocesdebaires.com.ar\/index.php\/wp-json\/wp\/v2\/categories?post=8164"},{"taxonomy":"post_tag","embeddable":true,"href":"https:\/\/vocesdebaires.com.ar\/index.php\/wp-json\/wp\/v2\/tags?post=8164"}],"curies":[{"name":"wp","href":"https:\/\/api.w.org\/{rel}","templated":true}]}}