{"id":8168,"date":"2017-04-10T03:00:00","date_gmt":"2017-04-10T06:00:00","guid":{"rendered":"http:\/\/vocesdebaires.com.ar\/wordpress\/index.php\/2017\/04\/10\/fecoba-premio-joven-a-empresario-de-ciudad\/"},"modified":"2017-04-10T03:00:00","modified_gmt":"2017-04-10T06:00:00","slug":"fecoba-premio-joven-a-empresario-de-ciudad","status":"publish","type":"post","link":"https:\/\/vocesdebaires.com.ar\/index.php\/2017\/04\/10\/fecoba-premio-joven-a-empresario-de-ciudad\/","title":{"rendered":"FECOBA: Premio Joven a Empresario de Ciudad"},"content":{"rendered":"<p>Cornide remarc\u00f3 que uno de los objetivos de FECOBA Joven es fomentar la creaci\u00f3n de nuevas empresas, la generaci\u00f3n de empleo e impulsar el crecimiento de los emprendedores a trav\u00e9s del asociativismo, con empresas colaborativas donde el \u00abcompartir\u00ab no s\u00f3lo sea en redes sociales sino tambi\u00e9n entre las firmas. Por su parte, el decano de la Facultad de Ciencias Empresariales de la UAI, Fernando Lelio Grosso, destac\u00f3 los roles de las asociaciones empresariales, las instituciones educativas y las empresas como \u201cmotores de desarrollo de una sociedad\u201d, dijo el acad\u00e9mico, quien plante\u00f3 como metas centrales \u201csalvaguardar el esp\u00edritu emprendedor sin importar el tama\u00f1o de la firma apuntando a la innovaci\u00f3n, a la vocaci\u00f3n de servicio, la competitividad y el asociativismo; la capacidad de generar transformaciones con responsabilidad social empresaria y el liderazgo como desaf\u00edo permanente de superaci\u00f3n\u201d. El m\u00e1ximo galard\u00f3n del certamen organizado por la Federaci\u00f3n de Comercio e Industria de la Ciudad de Buenos Aires (FECOBA) junto a la UAI fue para Laura Lospennato por el dise\u00f1o y la fabricaci\u00f3n de juguetes Ikitoi. \u201cEs un juego de posibilidades infinitas, compuesto por piezas geom\u00e9tricas y conectores de pl\u00e1stico flexible que permiten armar figuras de gran tama\u00f1o para jugar dentro. Luego, los chicos pueden intervenirlas, pintarlas, dibujarlas y agregarles los accesorios que deseen\u201d, afirm\u00f3 Lospennato y agreg\u00f3: \u201ceste mecanismo genera espacios de juego para que los ni\u00f1os construyan sus juguetes e incentiven la creatividad\u201d.<br \/>\nLos dem\u00e1s ganadores por categor\u00eda fueron:<br \/>\nSebasti\u00e1n Mart\u00ednez, de LiteByte (una empresa orientada al desarrollo de software para la concurrencia, optimizaci\u00f3n de recursos y tiempos de respuesta), obtuvo el primer premio en la categor\u00eda \u201cDesarrollo Tecnol\u00f3gico\u201d.\u00a0Agostina Trovato logr\u00f3 el premio mayor en \u201cImpacto Social\u201d con Get Wild, que produce, dise\u00f1a y comercializa prendas realizadas con fibra de bamboo, destacando sus beneficios y su impacto en el medio ambiente. En \u201cPromoci\u00f3n al oficio\u201d, Jesica Bellomo consigui\u00f3 la primera ubicaci\u00f3n con Jessica Bellomo Alta Costura &amp; Corseter\u00eda Terap\u00e9utica, una marca especializada en confecci\u00f3n a medida y procesos artesanales mediante un sistema exclusivo.<br \/>\nGast\u00f3n Portalez obtuvo la principal distinci\u00f3n en \u201cProyecci\u00f3n Internacional\u201d. Su firma Pirka Stone se dedica al dise\u00f1o y producci\u00f3n de revestimientos y placas anti humedad sustentables para la industria de la construcci\u00f3n, a trav\u00e9s de las franquicias Pirka Stone. Hern\u00e1n Cid gan\u00f3 en \u201cRelevo Generacional\u201d con Cid Pharma Packaging, una empresa que tiene como objetivo brindar soluciones de packaging a la industria farmac\u00e9utica, aplicando los m\u00e1s altos est\u00e1ndares de calidad en sus productos y servicios. Los ganadores representar\u00e1n adem\u00e1s pr\u00f3ximamente a la Ciudad de Buenos Aires en el Premio Joven Empresario Argentino.<\/p>\n","protected":false},"excerpt":{"rendered":"<p>Cornide remarc\u00f3 que uno de los objetivos de FECOBA Joven es fomentar la creaci\u00f3n de nuevas empresas, la generaci\u00f3n de empleo e impulsar el crecimiento de los emprendedores a trav\u00e9s del asociativismo, con empresas colaborativas donde el \u00abcompartir\u00ab no s\u00f3lo sea en redes sociales sino tambi\u00e9n entre las firmas. Por su parte, el decano de [&hellip;]<\/p>\n","protected":false},"author":1,"featured_media":8169,"comment_status":"open","ping_status":"open","sticky":false,"template":"","format":"standard","meta":{"_et_pb_use_builder":"","_et_pb_old_content":"","_et_gb_content_width":"","footnotes":""},"categories":[11,33],"tags":[],"class_list":["post-8168","post","type-post","status-publish","format-standard","has-post-thumbnail","hentry","category-ciudad","category-sociedad-y-cultura-2"],"_links":{"self":[{"href":"https:\/\/vocesdebaires.com.ar\/index.php\/wp-json\/wp\/v2\/posts\/8168"}],"collection":[{"href":"https:\/\/vocesdebaires.com.ar\/index.php\/wp-json\/wp\/v2\/posts"}],"about":[{"href":"https:\/\/vocesdebaires.com.ar\/index.php\/wp-json\/wp\/v2\/types\/post"}],"author":[{"embeddable":true,"href":"https:\/\/vocesdebaires.com.ar\/index.php\/wp-json\/wp\/v2\/users\/1"}],"replies":[{"embeddable":true,"href":"https:\/\/vocesdebaires.com.ar\/index.php\/wp-json\/wp\/v2\/comments?post=8168"}],"version-history":[{"count":0,"href":"https:\/\/vocesdebaires.com.ar\/index.php\/wp-json\/wp\/v2\/posts\/8168\/revisions"}],"wp:featuredmedia":[{"embeddable":true,"href":"https:\/\/vocesdebaires.com.ar\/index.php\/wp-json\/wp\/v2\/media\/8169"}],"wp:attachment":[{"href":"https:\/\/vocesdebaires.com.ar\/index.php\/wp-json\/wp\/v2\/media?parent=8168"}],"wp:term":[{"taxonomy":"category","embeddable":true,"href":"https:\/\/vocesdebaires.com.ar\/index.php\/wp-json\/wp\/v2\/categories?post=8168"},{"taxonomy":"post_tag","embeddable":true,"href":"https:\/\/vocesdebaires.com.ar\/index.php\/wp-json\/wp\/v2\/tags?post=8168"}],"curies":[{"name":"wp","href":"https:\/\/api.w.org\/{rel}","templated":true}]}}