{"id":8172,"date":"2017-04-10T03:00:00","date_gmt":"2017-04-10T06:00:00","guid":{"rendered":"http:\/\/vocesdebaires.com.ar\/wordpress\/index.php\/2017\/04\/10\/vidal-timbreo-de-gestion-del-gobierno-bonaerense\/"},"modified":"2017-04-10T03:00:00","modified_gmt":"2017-04-10T06:00:00","slug":"vidal-timbreo-de-gestion-del-gobierno-bonaerense","status":"publish","type":"post","link":"https:\/\/vocesdebaires.com.ar\/index.php\/2017\/04\/10\/vidal-timbreo-de-gestion-del-gobierno-bonaerense\/","title":{"rendered":"Vidal: &quot;Timbreo de gesti\u00f3n&quot; del gobierno bonaerense"},"content":{"rendered":"<p>La gobernadora de la provincia , Mar\u00eda Eugenia Vidal, encabez\u00f3 el primer &quot;timbreo de gesti\u00f3n&quot; realizado por el ejecutivo bonaerense en el Conurbano, destinado a conocer las necesidades e inquietudes de los vecinos. Vidal recorri\u00f3 el partido de San Fernando, donde convers\u00f3 con varios ciudadanos que la recibieron en sus hogares; junto a Alex Campbell, subsecretario de Gobierno y Asuntos Municipales de la Provincia y a Agustina Ciarletta, coordinadora de los Centros de Referencia (CDR) de la Provincia de Buenos Aires del ministerio de Desarrollo Social de la Naci\u00f3n. Los funcionarios salieron de la Plaza Mitre y recorrieron el municipio.<br \/>\nUnos 700 funcionarios del gobierno provincial -incluidos los ministros y secretarios del gabinete- visitaron en simult\u00e1neo, junto a intendentes y legisladores, los distritos de Moreno, La Matanza, Berazategui, Escobar, Jos\u00e9 C. Paz, Merlo, Ezeiza, Esteban Echeverr\u00eda, San Mart\u00edn, Malvinas Argentinas, Almirante Brown, San Fernando, Tigre, Ituzaing\u00f3, Hurlingham, Avellaneda, Florencio Varela, Lomas de Zamora y Presidente Per\u00f3n. &quot;Escuchar y estar es parte de nuestra tarea de gobierno, por eso salimos este fin de semana. Salimos porque gobernar tambi\u00e9n es estar en la calle&quot;, explic\u00f3 Vidal.<br \/>\nEn tanto, el jefe de Gabinete, Federico Salvai, sostuvo en Berazategui que &quot;principalmente, la gobernadora nos pidi\u00f3 a todos los funcionarios \u2013ministros, secretarios, subsecretarios, directores provinciales-, a todos aquellos que est\u00e1n involucrados en el d\u00eda a d\u00eda de la gesti\u00f3n, que sali\u00e9ramos del escritorio y nos pusi\u00e9ramos en contacto con los vecinos. Es la primera vez que m\u00e1s de 700 funcionarios est\u00e1n recorriendo el conurbano escuchando y contando lo que hicimos en este a\u00f1o y medio de gesti\u00f3n&quot;.<br \/>\n&quot;Este es un timbreo de gesti\u00f3n, no un timbreo partidario \u2013prosigui\u00f3 Salvai-. Queremos estar cerca de la gente como estuvimos en la campa\u00f1a, pero no s\u00f3lo durante la campa\u00f1a. Queremos escuchar las preocupaciones de los vecinos. En Berazategui, uno de los principales temas es la seguridad, como ocurre en todo el conurbano. Es una de las principales preocupaciones de la gobernadora y donde m\u00e1s nos estamos ocupando&quot;. &#8230;&#8230;&#8230;&#8230;&#8230;&#8230;&#8230;&#8230;&#8230;&#8230;&#8230;&#8230;&#8230;&#8230;&#8230;&#8230;&#8230;&#8230;&#8230;&#8230;&#8230;&#8230;&#8230;&#8230;&#8230;&#8230;&#8230;&#8230;&#8230;&#8230;&#8230;&#8230;&#8230;&#8230;&#8230;&#8230;&#8230;&#8230;&#8230;&#8230;&#8230;&#8230;&#8230;&#8230;&#8230;&#8230;&#8230;&#8230;&#8230;&#8230;&#8230;&#8230;&#8230;&#8230;&#8230;&#8230;&#8230;&#8230;&#8230;&#8230;&#8230;&#8230;&#8230;&#8230;&#8230;..<br \/>\nVidal: &quot;Argentina va a crecer de manera sustentable&quot;<br \/>\nLa gobernadora afirm\u00f3 que \u201cArgentina va a crecer de manera sustentable\u201d, al tiempo que sostuvo que \u201cvale la pena hoy mirar al pa\u00eds\u201d porque \u201ctodos vamos a sentir que el cambi\u00f3 lleg\u00f3 para quedarse\u201d. As\u00ed lo dijo durante la participaci\u00f3n como expositora en el Foro Econ\u00f3mico Mundial que se realiza en el Hotel Hilton de la ciudad de Buenos Aires, donde Vidal resalt\u00f3 que la provincia de Buenos Aires &quot;tiene una enorme oportunidad para crecer&quot; a partir de oportunidades de inversi\u00f3n en &quot;turismo, agroindustria, miner\u00eda y energ\u00edas renovables\u201d.<br \/>\n&quot;Estar con ustedes es una muestra de que empez\u00f3 una nueva etapa en la Argentina&quot;, remarc\u00f3 la gobernadora, que destac\u00f3 que, desde el inicio de su gesti\u00f3n, &quot;empezamos a sanear esta provincia con ayuda del gobierno nacional, recuperando el equilibrio fiscal&quot;, y que &quot;hoy estamos al d\u00eda, salimos al mundo y logramos colocar deuda en cuatro oportunidades a tasas bajas\u201d.<br \/>\nSeg\u00fan Vidal, &quot;vale la pena mirar y apostar por la Argentina&quot;, y asever\u00f3 que &quot;nuestro pa\u00eds, durante muchas d\u00e9cadas, atraves\u00f3 crisis profundas y per\u00edodos de alto crecimiento que no se pudieron sostener en el tiempo&quot;, pero ahora comenz\u00f3 &quot; un proceso sostenible, honesto, gradual en todos los sentidos, que lleg\u00f3 para quedarse\u201d. &quot;Gradualmente, la Argentina va a crecer de manera sustentable\u201d, sostuvo la gobernadora y concluy\u00f3: \u201cTodos vamos a sentir que es un cambio que lleg\u00f3 para quedarse, no solo nosotros sino tambi\u00e9n nuestros hijos y nuestros nietos&quot;.<br \/>\n&lt;img src=&quot;images\/stories\/2015\/economiavidal.jpg&quot; border=&quot;0&quot; align=&quot;right&quot; \/&gt;<br \/>\n\u00a0<br \/>\n\u00a0<br \/>\n\u00a0<\/p>\n","protected":false},"excerpt":{"rendered":"<p>La gobernadora de la provincia , Mar\u00eda Eugenia Vidal, encabez\u00f3 el primer &quot;timbreo de gesti\u00f3n&quot; realizado por el ejecutivo bonaerense en el Conurbano, destinado a conocer las necesidades e inquietudes de los vecinos. Vidal recorri\u00f3 el partido de San Fernando, donde convers\u00f3 con varios ciudadanos que la recibieron en sus hogares; junto a Alex Campbell, [&hellip;]<\/p>\n","protected":false},"author":1,"featured_media":8173,"comment_status":"open","ping_status":"open","sticky":false,"template":"","format":"standard","meta":{"_et_pb_use_builder":"","_et_pb_old_content":"","_et_gb_content_width":"","footnotes":""},"categories":[35,13],"tags":[],"class_list":["post-8172","post","type-post","status-publish","format-standard","has-post-thumbnail","hentry","category-gobierno","category-provincia"],"_links":{"self":[{"href":"https:\/\/vocesdebaires.com.ar\/index.php\/wp-json\/wp\/v2\/posts\/8172"}],"collection":[{"href":"https:\/\/vocesdebaires.com.ar\/index.php\/wp-json\/wp\/v2\/posts"}],"about":[{"href":"https:\/\/vocesdebaires.com.ar\/index.php\/wp-json\/wp\/v2\/types\/post"}],"author":[{"embeddable":true,"href":"https:\/\/vocesdebaires.com.ar\/index.php\/wp-json\/wp\/v2\/users\/1"}],"replies":[{"embeddable":true,"href":"https:\/\/vocesdebaires.com.ar\/index.php\/wp-json\/wp\/v2\/comments?post=8172"}],"version-history":[{"count":0,"href":"https:\/\/vocesdebaires.com.ar\/index.php\/wp-json\/wp\/v2\/posts\/8172\/revisions"}],"wp:featuredmedia":[{"embeddable":true,"href":"https:\/\/vocesdebaires.com.ar\/index.php\/wp-json\/wp\/v2\/media\/8173"}],"wp:attachment":[{"href":"https:\/\/vocesdebaires.com.ar\/index.php\/wp-json\/wp\/v2\/media?parent=8172"}],"wp:term":[{"taxonomy":"category","embeddable":true,"href":"https:\/\/vocesdebaires.com.ar\/index.php\/wp-json\/wp\/v2\/categories?post=8172"},{"taxonomy":"post_tag","embeddable":true,"href":"https:\/\/vocesdebaires.com.ar\/index.php\/wp-json\/wp\/v2\/tags?post=8172"}],"curies":[{"name":"wp","href":"https:\/\/api.w.org\/{rel}","templated":true}]}}