{"id":8176,"date":"2017-09-29T03:00:00","date_gmt":"2017-09-29T06:00:00","guid":{"rendered":"http:\/\/vocesdebaires.com.ar\/wordpress\/index.php\/2017\/09\/29\/interes-a-escuela-argentina-de-inventores\/"},"modified":"2017-09-29T03:00:00","modified_gmt":"2017-09-29T06:00:00","slug":"interes-a-escuela-argentina-de-inventores","status":"publish","type":"post","link":"https:\/\/vocesdebaires.com.ar\/index.php\/2017\/09\/29\/interes-a-escuela-argentina-de-inventores\/","title":{"rendered":"Inter\u00e9s a Escuela Argentina de Inventores"},"content":{"rendered":"<p>\u00a0<br \/>\nLa Escuela Argentina de Inventores (EAI) fue declarada de inter\u00e9s por la Legislatura porte\u00f1a. El legislador Jos\u00e9 Luis Acevedo (PRO) encabez\u00f3 el acto en el Sal\u00f3n Montevideo donde manifest\u00f3 que \u201cforman alumnos que piensan libremente para que puedan resolver problemas cotidianos, con ense\u00f1anzas fuertemente creativas\u201d.  El legislador record\u00f3 que por sus aulas pasaron David Villaseca, \u201cexperto en nano sat\u00e9lites\u201d y\u00a0 Malena Temerlin, directora de Innovaci\u00f3n C\u00edvica de la Naci\u00f3n, entre otros.\u00a0 Los alumnos que pasan por la EAI, son continuamente estimulados a preguntar &quot;qu\u00e9, qui\u00e9n, d\u00f3nde, cu\u00e1ndo, c\u00f3mo y por qu\u00e9, de todo lo que los rodea&quot;. Tambi\u00e9n son animados a jugar con problemas reales, con ideas nuevas y con distintas visiones de la realidad<br \/>\nEl legislador Omar Abboud (PRO) comparti\u00f3 diversas reflexiones con el auditorio, ya que afirm\u00f3 que \u201cense\u00f1ar en la ni\u00f1ez es grabar en la piedra\u201d y\u00a0 \u201cel inventor es una especie de artista, que ve algo donde nadie ve nada\u201d.La EAI realiza sus instrucciones a ni\u00f1os entre los 6 y los 16 a\u00f1os, los d\u00edas s\u00e1bados en la Escuela Del Sol; ya que su titular, Mariana Biro, la hija de Ladislao, el inventor del bol\u00edgrafo; les otorg\u00f3 las instalaciones. Desde 1992 han pasado m\u00e1s de 600 alumnos, que son parte de un programa pedag\u00f3gico no formal, que busca desarrollar el pensamiento Inventivo.<br \/>\nEl ex alumno Rodrigo Valla, describi\u00f3 en una presentaci\u00f3n multimedia, como es cursar en la EAI donde siempre se busca \u201cestimular la creatividad, para que vean los problemas del mundo y la oportunidad es que los resuelvan\u201d.\u00a0Bir\u00f3 explic\u00f3 que la propuesta de la EAI se la trajo su actual director, Eduardo Fern\u00e1ndez, un docente que \u201cense\u00f1aba en una Escuela T\u00e9cnica de Lan\u00fas\u201d y\u00a0 la convenci\u00f3 con su creativa propuesta. \u201cLa EAI es diferente, ya que no se ense\u00f1a tecnolog\u00eda, f\u00edsica o inform\u00e1tica y adem\u00e1s los chicos de todas las edades est\u00e1n juntos\u201d. Destac\u00f3 que si \u201ccada chico puede inventar, sabe que puede resolver distintos problemas\u201d que se le presenten.<\/p>\n","protected":false},"excerpt":{"rendered":"<p>\u00a0 La Escuela Argentina de Inventores (EAI) fue declarada de inter\u00e9s por la Legislatura porte\u00f1a. El legislador Jos\u00e9 Luis Acevedo (PRO) encabez\u00f3 el acto en el Sal\u00f3n Montevideo donde manifest\u00f3 que \u201cforman alumnos que piensan libremente para que puedan resolver problemas cotidianos, con ense\u00f1anzas fuertemente creativas\u201d. El legislador record\u00f3 que por sus aulas pasaron David [&hellip;]<\/p>\n","protected":false},"author":1,"featured_media":8177,"comment_status":"open","ping_status":"open","sticky":false,"template":"","format":"standard","meta":{"_et_pb_use_builder":"","_et_pb_old_content":"","_et_gb_content_width":"","footnotes":""},"categories":[11,33],"tags":[],"class_list":["post-8176","post","type-post","status-publish","format-standard","has-post-thumbnail","hentry","category-ciudad","category-sociedad-y-cultura-2"],"_links":{"self":[{"href":"https:\/\/vocesdebaires.com.ar\/index.php\/wp-json\/wp\/v2\/posts\/8176"}],"collection":[{"href":"https:\/\/vocesdebaires.com.ar\/index.php\/wp-json\/wp\/v2\/posts"}],"about":[{"href":"https:\/\/vocesdebaires.com.ar\/index.php\/wp-json\/wp\/v2\/types\/post"}],"author":[{"embeddable":true,"href":"https:\/\/vocesdebaires.com.ar\/index.php\/wp-json\/wp\/v2\/users\/1"}],"replies":[{"embeddable":true,"href":"https:\/\/vocesdebaires.com.ar\/index.php\/wp-json\/wp\/v2\/comments?post=8176"}],"version-history":[{"count":0,"href":"https:\/\/vocesdebaires.com.ar\/index.php\/wp-json\/wp\/v2\/posts\/8176\/revisions"}],"wp:featuredmedia":[{"embeddable":true,"href":"https:\/\/vocesdebaires.com.ar\/index.php\/wp-json\/wp\/v2\/media\/8177"}],"wp:attachment":[{"href":"https:\/\/vocesdebaires.com.ar\/index.php\/wp-json\/wp\/v2\/media?parent=8176"}],"wp:term":[{"taxonomy":"category","embeddable":true,"href":"https:\/\/vocesdebaires.com.ar\/index.php\/wp-json\/wp\/v2\/categories?post=8176"},{"taxonomy":"post_tag","embeddable":true,"href":"https:\/\/vocesdebaires.com.ar\/index.php\/wp-json\/wp\/v2\/tags?post=8176"}],"curies":[{"name":"wp","href":"https:\/\/api.w.org\/{rel}","templated":true}]}}