{"id":8182,"date":"2017-09-28T03:00:00","date_gmt":"2017-09-28T06:00:00","guid":{"rendered":"http:\/\/vocesdebaires.com.ar\/wordpress\/index.php\/2017\/09\/28\/larreta-y-frigerio-inauguraron-una-cancha\/"},"modified":"2017-09-28T03:00:00","modified_gmt":"2017-09-28T06:00:00","slug":"larreta-y-frigerio-inauguraron-una-cancha","status":"publish","type":"post","link":"https:\/\/vocesdebaires.com.ar\/index.php\/2017\/09\/28\/larreta-y-frigerio-inauguraron-una-cancha\/","title":{"rendered":"Larreta y Frigerio inauguraron una cancha"},"content":{"rendered":"<p>\u00a0<br \/>\nEl jefe de Gobierno de la Ciudad de Buenos Aires, Horacio Rodr\u00edguez Larreta, y el ministro del Interior, Obras P\u00fablicas y Vivienda de la Naci\u00f3n, Rogelio Frigerio, inauguraron ayer una cancha en el Barrio 1-11-14.\u201cEl deporte es realmente un instrumento de inclusi\u00f3n social\u201d, sostuvo Rodr\u00edguez Larreta, y agreg\u00f3: \u201cCada chico que est\u00e1 jugando en esta canchita nueva al v\u00f3ley, al f\u00fatbol, al b\u00e1squet es un chico que no est\u00e1 en la calle\u201d.La cancha, de car\u00e1cter multiuso y conocida como la Cancha de los Paraguayos, promover\u00e1 la realizaci\u00f3n de actividades participativas y deportivas en un predio donde antes hab\u00eda una cocina de paco.<br \/>\nAdem\u00e1s, el Jefe de Gobierno se\u00f1al\u00f3 que \u201c\u00e9ste es otro ejemplo m\u00e1s de lo que podemos hacer trabajando en equipo, en este caso junto con el Gobierno Nacional y el club San Lorenzo\u201d, y agreg\u00f3: \u201cLa verdad que los avances en este predio son emocionantes. Ves las fotos de antes y las de ahora y no lo pod\u00e9s creer\u201d.A su vez, Frigerio destac\u00f3 el compromiso de la gente: \u201cSin la participaci\u00f3n de los vecinos no podr\u00edamos haber terminado este trabajo\u201d. Y complement\u00f3: \u201cSon siete las obras que hacemos con el Gobierno de la Ciudad, con cloacas, asfaltos, veredas que mejoran la calidad de vida de la gente que necesita la presencia del Estado\u201d.<br \/>\n\u201cTenemos mucho trabajo por delante y el presidente Mauricio Macri ya lo ha dicho con claridad. Hay millones de argentinos que no tienen cloacas, agua potable, que tienen miedo de que se les inunde la casa\u201d, por eso \u201ctenemos que trabajar como lo hacemos con el Gobierno de la Ciudad, con el resto de los gobiernos provinciales y con los municipios para darles respuestas\u201d, explic\u00f3 el ministro del Interior, Obras P\u00fablicas y Vivienda de la Naci\u00f3n.En la actividad estuvieron presentes el secretario de Vivienda y H\u00e1bitat de la Naci\u00f3n, Domingo Amaya; la ministra de Desarrollo Humano y H\u00e1bitat porte\u00f1o, Guadalupe Tagliaferri, y el presidente del Club San Lorenzo de Almagro, Mat\u00edas Lammens.La obra tuvo como objetivo la recuperaci\u00f3n del espacio p\u00fablico de la Manzana 18, de 1127 metros cuadrados, que ahora cuenta con infraestructura de desag\u00fces pluviales y cloacales.<br \/>\nLos trabajos beneficiar\u00e1n a m\u00e1s de 10 mil vecinos que viven cerca de la cancha. Hoy, casi 700 personas son parte de las actividades que est\u00e1n disponibles y cientos m\u00e1s participan en los cursos, las charlas y los procesos participativos en los que se definen las obras a realizarse en el barrio.Despu\u00e9s de trabajos de pintura, instalaciones pluviales y el\u00e9ctricas, e incorporaci\u00f3n de equipamiento urbano y arbolado realizados por la Subsecretar\u00eda de H\u00e1bitat y Desarrollo Humano de la Naci\u00f3n, los vecinos cuentan con un lugar para poder jugar y desarrollar actividades.Adem\u00e1s de estas mejoras se llevar\u00e1n adelante Programas de Desarrollo Humano: participaci\u00f3n ciudadana, deporte y mujer y h\u00e1bitat. El monto de inversi\u00f3n para esta obra es de $ 3.650.834, que se suman a otros 3 proyectos para el barrio por un total de $32.954.243.<\/p>\n","protected":false},"excerpt":{"rendered":"<p>\u00a0 El jefe de Gobierno de la Ciudad de Buenos Aires, Horacio Rodr\u00edguez Larreta, y el ministro del Interior, Obras P\u00fablicas y Vivienda de la Naci\u00f3n, Rogelio Frigerio, inauguraron ayer una cancha en el Barrio 1-11-14.\u201cEl deporte es realmente un instrumento de inclusi\u00f3n social\u201d, sostuvo Rodr\u00edguez Larreta, y agreg\u00f3: \u201cCada chico que est\u00e1 jugando en [&hellip;]<\/p>\n","protected":false},"author":1,"featured_media":8183,"comment_status":"open","ping_status":"open","sticky":false,"template":"","format":"standard","meta":{"_et_pb_use_builder":"","_et_pb_old_content":"","_et_gb_content_width":"","footnotes":""},"categories":[11,32],"tags":[],"class_list":["post-8182","post","type-post","status-publish","format-standard","has-post-thumbnail","hentry","category-ciudad","category-comunas"],"_links":{"self":[{"href":"https:\/\/vocesdebaires.com.ar\/index.php\/wp-json\/wp\/v2\/posts\/8182"}],"collection":[{"href":"https:\/\/vocesdebaires.com.ar\/index.php\/wp-json\/wp\/v2\/posts"}],"about":[{"href":"https:\/\/vocesdebaires.com.ar\/index.php\/wp-json\/wp\/v2\/types\/post"}],"author":[{"embeddable":true,"href":"https:\/\/vocesdebaires.com.ar\/index.php\/wp-json\/wp\/v2\/users\/1"}],"replies":[{"embeddable":true,"href":"https:\/\/vocesdebaires.com.ar\/index.php\/wp-json\/wp\/v2\/comments?post=8182"}],"version-history":[{"count":0,"href":"https:\/\/vocesdebaires.com.ar\/index.php\/wp-json\/wp\/v2\/posts\/8182\/revisions"}],"wp:featuredmedia":[{"embeddable":true,"href":"https:\/\/vocesdebaires.com.ar\/index.php\/wp-json\/wp\/v2\/media\/8183"}],"wp:attachment":[{"href":"https:\/\/vocesdebaires.com.ar\/index.php\/wp-json\/wp\/v2\/media?parent=8182"}],"wp:term":[{"taxonomy":"category","embeddable":true,"href":"https:\/\/vocesdebaires.com.ar\/index.php\/wp-json\/wp\/v2\/categories?post=8182"},{"taxonomy":"post_tag","embeddable":true,"href":"https:\/\/vocesdebaires.com.ar\/index.php\/wp-json\/wp\/v2\/tags?post=8182"}],"curies":[{"name":"wp","href":"https:\/\/api.w.org\/{rel}","templated":true}]}}