{"id":8190,"date":"2017-09-28T03:00:00","date_gmt":"2017-09-28T06:00:00","guid":{"rendered":"http:\/\/vocesdebaires.com.ar\/wordpress\/index.php\/2017\/09\/28\/presentan-el-libro-vivir-en-los-70\/"},"modified":"2017-09-28T03:00:00","modified_gmt":"2017-09-28T06:00:00","slug":"presentan-el-libro-vivir-en-los-70","status":"publish","type":"post","link":"https:\/\/vocesdebaires.com.ar\/index.php\/2017\/09\/28\/presentan-el-libro-vivir-en-los-70\/","title":{"rendered":"Presentan el libro Vivir en los 70"},"content":{"rendered":"<p>\u00a0<br \/>\n&quot;Vivir en los 70&quot;, el libro escrito por Francisco Felipe Yofre, fue presentado en la Legislatura porte\u00f1a.\u00a0 El legislador Carlos Tomada (FPV) organiz\u00f3 el acto y la mesa del Sal\u00f3n Montevideo integrada por el autor, el abogado Esteban Righi, el periodista Jorge Bernetti, el cineasta David Blaustein y la diputada nacional Liliana Mazure.Bernetti introdujo: \u201cnadie puede asustarse por la m\u00e1s de 500 p\u00e1ginas del libro\u201d ya que all\u00ed encontrar\u00e1 reflexiones que \u201cllevan a la pol\u00e9mica\u201d y destac\u00f3 \u201cel nivel de la memoria y el an\u00e1lisis hist\u00f3rico\u201d de la d\u00e9cada de 1970. Record\u00f3 que existe \u201cel combate por la historia y la memoria, que es permanente\u201d.\u201cEn este libro hay memoria personal, an\u00e1lisis hist\u00f3rico y memoria colectiva\u201d y donde Yofre pudo \u201capuntalar todos los elementos y elabor\u00f3 tambi\u00e9n una historia del exilio\u201d, explic\u00f3 el periodista.<br \/>\nRighi afirm\u00f3 que \u201csi hubo algo complicado fue sobrevivir los 70\u201d y dijo que el libro \u201cme hace recordar con espanto, no haber adoptado medidas de seguridad para mi familia\u201d en aquella \u00e9poca. Destac\u00f3 \u201cel nivel de precisi\u00f3n y detalle de la narraci\u00f3n\u201d.El ex procurador general de la Naci\u00f3n record\u00f3 \u201cla importancia del luche y vuelve\u201d, slogan que hab\u00edan adoptado los seguidores de Juan Domingo Per\u00f3n, aunque reconoci\u00f3 que \u201cmuy pocos cre\u00edamos que pod\u00eda terminar bien\u201d, ya que el nivel de enfrentamiento entre diversas corrientes era muy alto.Tambi\u00e9n record\u00f3 al ex presidente H\u00e9ctor C\u00e1mpora, que la dictadura militar argentina \u201csolo le di\u00f3 el salvoconducto a M\u00e9xico, cuando ten\u00eda c\u00e1ncer y sab\u00eda que pod\u00eda morir en el exterior\u201d, como ocurri\u00f3 en 1980.Para finalizar, el autor Yofre afirm\u00f3 que \u201ctodas las personas que me acompa\u00f1an en el estrado nos une la pasi\u00f3n por la pol\u00edtica\u201d y \u201chemos compartido el exilio en M\u00e9xico\u201d.<\/p>\n","protected":false},"excerpt":{"rendered":"<p>\u00a0 &quot;Vivir en los 70&quot;, el libro escrito por Francisco Felipe Yofre, fue presentado en la Legislatura porte\u00f1a.\u00a0 El legislador Carlos Tomada (FPV) organiz\u00f3 el acto y la mesa del Sal\u00f3n Montevideo integrada por el autor, el abogado Esteban Righi, el periodista Jorge Bernetti, el cineasta David Blaustein y la diputada nacional Liliana Mazure.Bernetti introdujo: [&hellip;]<\/p>\n","protected":false},"author":1,"featured_media":8191,"comment_status":"open","ping_status":"open","sticky":false,"template":"","format":"standard","meta":{"_et_pb_use_builder":"","_et_pb_old_content":"","_et_gb_content_width":"","footnotes":""},"categories":[11,33],"tags":[],"class_list":["post-8190","post","type-post","status-publish","format-standard","has-post-thumbnail","hentry","category-ciudad","category-sociedad-y-cultura-2"],"_links":{"self":[{"href":"https:\/\/vocesdebaires.com.ar\/index.php\/wp-json\/wp\/v2\/posts\/8190"}],"collection":[{"href":"https:\/\/vocesdebaires.com.ar\/index.php\/wp-json\/wp\/v2\/posts"}],"about":[{"href":"https:\/\/vocesdebaires.com.ar\/index.php\/wp-json\/wp\/v2\/types\/post"}],"author":[{"embeddable":true,"href":"https:\/\/vocesdebaires.com.ar\/index.php\/wp-json\/wp\/v2\/users\/1"}],"replies":[{"embeddable":true,"href":"https:\/\/vocesdebaires.com.ar\/index.php\/wp-json\/wp\/v2\/comments?post=8190"}],"version-history":[{"count":0,"href":"https:\/\/vocesdebaires.com.ar\/index.php\/wp-json\/wp\/v2\/posts\/8190\/revisions"}],"wp:featuredmedia":[{"embeddable":true,"href":"https:\/\/vocesdebaires.com.ar\/index.php\/wp-json\/wp\/v2\/media\/8191"}],"wp:attachment":[{"href":"https:\/\/vocesdebaires.com.ar\/index.php\/wp-json\/wp\/v2\/media?parent=8190"}],"wp:term":[{"taxonomy":"category","embeddable":true,"href":"https:\/\/vocesdebaires.com.ar\/index.php\/wp-json\/wp\/v2\/categories?post=8190"},{"taxonomy":"post_tag","embeddable":true,"href":"https:\/\/vocesdebaires.com.ar\/index.php\/wp-json\/wp\/v2\/tags?post=8190"}],"curies":[{"name":"wp","href":"https:\/\/api.w.org\/{rel}","templated":true}]}}