{"id":8207,"date":"2017-09-27T03:00:00","date_gmt":"2017-09-27T06:00:00","guid":{"rendered":"http:\/\/vocesdebaires.com.ar\/wordpress\/index.php\/2017\/09\/27\/candidatos-de-cambiemos-recorrieron-la-provincia\/"},"modified":"2017-09-27T03:00:00","modified_gmt":"2017-09-27T06:00:00","slug":"candidatos-de-cambiemos-recorrieron-la-provincia","status":"publish","type":"post","link":"https:\/\/vocesdebaires.com.ar\/index.php\/2017\/09\/27\/candidatos-de-cambiemos-recorrieron-la-provincia\/","title":{"rendered":"Candidatos de Cambiemos: Recorrieron la provincia"},"content":{"rendered":"<p>\u00a0<br \/>\nLos candidatos de Cambiemos recorrieron ayer varios distritos de la provincia de Buenos Aires como parte de la campa\u00f1a para las elecciones de octubre. El primer candidato a senador nacional por la provincia de Buenos Aires, Esteban Bullrich, acompa\u00f1\u00f3 al presidente Mauricio Macri y a la gobernadora Mar\u00eda Eugenia Vidal a la inauguraci\u00f3n de una planta de tratamiento de efluentes cloacales en Villa Fiorito. En tanto, la segunda candidata de Cambiemos, Gladys Gonz\u00e1lez, particip\u00f3 del cierre de las jornadas \u201cHerramientas para Prevenir la Violencia de G\u00e9nero desde la Educaci\u00f3n\u201d donde capacitan a docentes de Pilar y visit\u00f3 los avances de las obras que van a ensanchar y mejorar la Ruta 25.<br \/>\nDespu\u00e9s visit\u00f3 la Casa del Ni\u00f1o &quot;Jos\u00e9 Crocci&quot; en Villa Rosa y realiz\u00f3 un timbreo en Tigre. Por su parte, la candidata a diputada nacional Graciela Oca\u00f1a estuvo en un centro de jubilados en Jos\u00e9 C. Paz y recorri\u00f3 la zona comercial. M\u00e1s tarde mantuvo una charla con jubilados beneficiarios de la reparaci\u00f3n hist\u00f3rica. Por \u00faltimo, Toty Flores particip\u00f3 de la inauguraci\u00f3n del jard\u00edn maternal \u201cSan Pablo de la Cruz\u201d en el Barrio Habana de Vicente L\u00f3pez y luego encabez\u00f3 un timbreo por el barrio Guadalupe, mientras que Guillermo Montenegro tambi\u00e9n protagoniz\u00f3 un timbreo por la zona comercial de Tres de Febrero. Posteriormente particip\u00f3 de la presentaci\u00f3n de m\u00f3viles policiales y del Sistema Integrado de Seguridad.<\/p>\n","protected":false},"excerpt":{"rendered":"<p>\u00a0 Los candidatos de Cambiemos recorrieron ayer varios distritos de la provincia de Buenos Aires como parte de la campa\u00f1a para las elecciones de octubre. El primer candidato a senador nacional por la provincia de Buenos Aires, Esteban Bullrich, acompa\u00f1\u00f3 al presidente Mauricio Macri y a la gobernadora Mar\u00eda Eugenia Vidal a la inauguraci\u00f3n de [&hellip;]<\/p>\n","protected":false},"author":1,"featured_media":8208,"comment_status":"open","ping_status":"open","sticky":false,"template":"","format":"standard","meta":{"_et_pb_use_builder":"","_et_pb_old_content":"","_et_gb_content_width":"","footnotes":""},"categories":[34,13],"tags":[],"class_list":["post-8207","post","type-post","status-publish","format-standard","has-post-thumbnail","hentry","category-politica","category-provincia"],"_links":{"self":[{"href":"https:\/\/vocesdebaires.com.ar\/index.php\/wp-json\/wp\/v2\/posts\/8207"}],"collection":[{"href":"https:\/\/vocesdebaires.com.ar\/index.php\/wp-json\/wp\/v2\/posts"}],"about":[{"href":"https:\/\/vocesdebaires.com.ar\/index.php\/wp-json\/wp\/v2\/types\/post"}],"author":[{"embeddable":true,"href":"https:\/\/vocesdebaires.com.ar\/index.php\/wp-json\/wp\/v2\/users\/1"}],"replies":[{"embeddable":true,"href":"https:\/\/vocesdebaires.com.ar\/index.php\/wp-json\/wp\/v2\/comments?post=8207"}],"version-history":[{"count":0,"href":"https:\/\/vocesdebaires.com.ar\/index.php\/wp-json\/wp\/v2\/posts\/8207\/revisions"}],"wp:featuredmedia":[{"embeddable":true,"href":"https:\/\/vocesdebaires.com.ar\/index.php\/wp-json\/wp\/v2\/media\/8208"}],"wp:attachment":[{"href":"https:\/\/vocesdebaires.com.ar\/index.php\/wp-json\/wp\/v2\/media?parent=8207"}],"wp:term":[{"taxonomy":"category","embeddable":true,"href":"https:\/\/vocesdebaires.com.ar\/index.php\/wp-json\/wp\/v2\/categories?post=8207"},{"taxonomy":"post_tag","embeddable":true,"href":"https:\/\/vocesdebaires.com.ar\/index.php\/wp-json\/wp\/v2\/tags?post=8207"}],"curies":[{"name":"wp","href":"https:\/\/api.w.org\/{rel}","templated":true}]}}