{"id":8217,"date":"2017-09-26T03:00:00","date_gmt":"2017-09-26T06:00:00","guid":{"rendered":"http:\/\/vocesdebaires.com.ar\/wordpress\/index.php\/2017\/09\/26\/a-tel-ar-hay-actividades-para-la-comunidad\/"},"modified":"2017-09-26T03:00:00","modified_gmt":"2017-09-26T06:00:00","slug":"a-tel-ar-hay-actividades-para-la-comunidad","status":"publish","type":"post","link":"https:\/\/vocesdebaires.com.ar\/index.php\/2017\/09\/26\/a-tel-ar-hay-actividades-para-la-comunidad\/","title":{"rendered":"A.TEL.AR: Hay actividades para la comunidad"},"content":{"rendered":"<p>\u00a0<br \/>\nDurante la semana del 25 al 29 de septiembre se la Semana de la Concientizaci\u00f3n del Trastorno Espec\u00edfico del Lenguaje (TEL).La Asociaci\u00f3n Trastorno Espec\u00edfico del Lenguaje Argentina A.TEL.AR realizar\u00e1 charlas informativas para la comunidad en diferentes Hospitales p\u00fablicos de la Ciudad de Buenos Aires. Tambi\u00e9n se llevar\u00e1 a cabo una jornada de concientizaci\u00f3n para toda la familia el s\u00e1bado 30 de septiembre de 15.00 a 18.00 hs en Parque Saavedra (Roque P\u00e9rez y Garc\u00eda del R\u00edo) con la consigna de trae una prenda de color amarillo. Habr\u00e1 show musical de &quot;Florencia canta con vos&quot; y actividad de arte para ni\u00f1os. En caso de lluvia se pasa al 7 de octubre.<br \/>\nCronograma de charlas<br \/>\nFecha y hora: martes 26 de septiembre, 10 hs.Lugar: Hospital General de Agudos P. Pi\u00f1ero, (Varela 1301, Flores), en Sala de espera de Pediatr\u00eda.<br \/>\nFecha y hora: martes 26 de septiembre, 9.30 hs.Lugar: Hospital General de Agudos Dr. C. Durand, (Diaz Velez 5044, Caballito), en el pabell\u00f3n Villanueva PB.<br \/>\nFecha y hora: mi\u00e9rcoles 27 de septiembre, 10 hs.Lugar: Hospital de Rehabilitaci\u00f3n M. Rocca, (Segurola 1949, Monte Castro), en el aula de PB.<br \/>\nFecha y hora: jueves 28 de septiembre, 10 hs.Lugar: Hospital General de Agudos Dr. I. Pirovano (Monroe 3555, Coghlan).<br \/>\nFecha y hora: viernes 29 de septiembre, de 9 a 11 hs.Lugar: Hospital General de Agudos J. M. Ramos Mej\u00eda (General Urquiza 609, Balvanera), en aula ORL Secci\u00f3n Foniatria.<br \/>\nFecha y hora: viernes 29 de septiembre, de 10.30hs.Lugar: Hospital General de Agudos Dr. C. Argerich (Pi y Margal 750, Boca), en el lobby.<br \/>\nFecha y hora: viernes 29 de septiembre, de 9.30 a 11hs.Lugar: Hospital General de Ni\u00f1os Pedro de Elizalde (Manuel A. Montes de Oca 40, Boca), en el aula Asociaci\u00f3n de Profesionales.<br \/>\n\u00bfQu\u00e9 es TEL?<br \/>\nEl Trastorno Espec\u00edfico del Lenguaje (TEL) es una alteraci\u00f3n en el desarrollo, comprensi\u00f3n, adquisici\u00f3n y expresi\u00f3n del lenguaje.La detecci\u00f3n precoz es un factor fundamental para el tratamiento y los buenos resultados. Se\u00f1ales de alerta de TEL:<br \/>\nNo dice ninguna palabra inteligible a los dos a\u00f1os adem\u00e1s de &quot;pap\u00e1&quot; y &quot;mam\u00e1&quot;.Tiene un vocabulario limitado a unas cuantas palabras, pero no arma frases.Emite enunciados de s\u00f3lo dos palabras a los cuatro a\u00f1os de edad.Juega demasiado tiempo s\u00f3lo.No habla o habla poco, es &quot;t\u00edmido&quot;.Dice o repite palabras, pero no entiende su significado.Le dan \u00f3rdenes o lo llaman por su nombre y parece ignorarlos.Se siente extranjero en su propio idioma. &lt;a&gt;<\/a><\/p>\n","protected":false},"excerpt":{"rendered":"<p>\u00a0 Durante la semana del 25 al 29 de septiembre se la Semana de la Concientizaci\u00f3n del Trastorno Espec\u00edfico del Lenguaje (TEL).La Asociaci\u00f3n Trastorno Espec\u00edfico del Lenguaje Argentina A.TEL.AR realizar\u00e1 charlas informativas para la comunidad en diferentes Hospitales p\u00fablicos de la Ciudad de Buenos Aires. Tambi\u00e9n se llevar\u00e1 a cabo una jornada de concientizaci\u00f3n para [&hellip;]<\/p>\n","protected":false},"author":1,"featured_media":8218,"comment_status":"open","ping_status":"open","sticky":false,"template":"","format":"standard","meta":{"_et_pb_use_builder":"","_et_pb_old_content":"","_et_gb_content_width":"","footnotes":""},"categories":[11,33],"tags":[],"class_list":["post-8217","post","type-post","status-publish","format-standard","has-post-thumbnail","hentry","category-ciudad","category-sociedad-y-cultura-2"],"_links":{"self":[{"href":"https:\/\/vocesdebaires.com.ar\/index.php\/wp-json\/wp\/v2\/posts\/8217"}],"collection":[{"href":"https:\/\/vocesdebaires.com.ar\/index.php\/wp-json\/wp\/v2\/posts"}],"about":[{"href":"https:\/\/vocesdebaires.com.ar\/index.php\/wp-json\/wp\/v2\/types\/post"}],"author":[{"embeddable":true,"href":"https:\/\/vocesdebaires.com.ar\/index.php\/wp-json\/wp\/v2\/users\/1"}],"replies":[{"embeddable":true,"href":"https:\/\/vocesdebaires.com.ar\/index.php\/wp-json\/wp\/v2\/comments?post=8217"}],"version-history":[{"count":0,"href":"https:\/\/vocesdebaires.com.ar\/index.php\/wp-json\/wp\/v2\/posts\/8217\/revisions"}],"wp:featuredmedia":[{"embeddable":true,"href":"https:\/\/vocesdebaires.com.ar\/index.php\/wp-json\/wp\/v2\/media\/8218"}],"wp:attachment":[{"href":"https:\/\/vocesdebaires.com.ar\/index.php\/wp-json\/wp\/v2\/media?parent=8217"}],"wp:term":[{"taxonomy":"category","embeddable":true,"href":"https:\/\/vocesdebaires.com.ar\/index.php\/wp-json\/wp\/v2\/categories?post=8217"},{"taxonomy":"post_tag","embeddable":true,"href":"https:\/\/vocesdebaires.com.ar\/index.php\/wp-json\/wp\/v2\/tags?post=8217"}],"curies":[{"name":"wp","href":"https:\/\/api.w.org\/{rel}","templated":true}]}}