{"id":8221,"date":"2017-09-26T03:00:00","date_gmt":"2017-09-26T06:00:00","guid":{"rendered":"http:\/\/vocesdebaires.com.ar\/wordpress\/index.php\/2017\/09\/26\/autodromo-volvera-a-vibrar-con-el-super-tc2000\/"},"modified":"2017-09-26T03:00:00","modified_gmt":"2017-09-26T06:00:00","slug":"autodromo-volvera-a-vibrar-con-el-super-tc2000","status":"publish","type":"post","link":"https:\/\/vocesdebaires.com.ar\/index.php\/2017\/09\/26\/autodromo-volvera-a-vibrar-con-el-super-tc2000\/","title":{"rendered":"Aut\u00f3dromo volver\u00e1 a vibrar con el S\u00faper TC2000"},"content":{"rendered":"<p>\u00a0<br \/>\nHoy martes las 12 se llevar\u00e1 a cabo el lanzamiento de la 12\u00b0 edici\u00f3n de los \u201c200 Kil\u00f3metros de Buenos Aires\u201d, en el marco de la 9na fecha de Campeonato Argentino y Sudamericano del S\u00faper TC2000, que se realizar\u00e1 entre los d\u00edas 29, 30 de septiembre y el 1 de octubre. El lanzamiento de este evento internacional, que se har\u00e1 en la sala de prensa del Aut\u00f3dromo Oscar y Juan G\u00e1lvez de Buenos Aires, contar\u00e1 con la presencia del Vicejefe de Gobierno porte\u00f1o, Diego Santilli, del Presidente de la CDA del ACA Ing.<br \/>\nCarlos Garc\u00eda Remohi, del Presidente de S\u00faper TC2000 Antonio Abrazian y de los pilotos Mat\u00edas Rossi (Toyota Gazoo Racing Argentina), Facundo Ardusso (Renault Sport), Mariano Werner (Team Peugeot Total Argentina), Agust\u00edn Canapino (Equipo YPF-Chevrolet), Esteban Guerrieri (Citro\u00ebn Total Racing S\u00faper TC2000 Team) y Javier Merlo (Equipo Fiat Petronas).Los tradicionales 200 Kil\u00f3metros de Buenos Aires es una de las competencias m\u00e1s importantes del calendario, en la que el p\u00fablico tendr\u00e1 la posibilidad de ver en pista a pilotos de primera l\u00ednea internacional y disfrutar al aire libre de un espect\u00e1culo que incluye deporte, pasi\u00f3n, adrenalina y diversi\u00f3n.<br \/>\nEl domingo 1 de octubre se correr\u00e1 la novena fecha del Campeonato Argentino y Sudamericano de esta competici\u00f3n que se largar\u00e1 a las 11.50 desde el Circuito N\u00b015 y tendr\u00e1 un recorrido total de 34 vueltas (202,572 kil\u00f3metros).El jueves 28 y viernes 29 se realizar\u00e1n las verificaciones t\u00e9cnicas y administrativas de los equipos. El s\u00e1bado 30 a la ma\u00f1ana ser\u00e1 el turno de los entrenamientos y a la tarde se desarrollar\u00e1n las clasificaciones. A las 15 habr\u00e1 una firma de aut\u00f3grafos de los pilotos del S\u00faper TC2000 y desde las 17 se llevar\u00e1 a cabo una conferencia de prensa.\u00a0\u201cEl automovilismo es una de las grandes pasiones argentinas, el regreso de todas las categor\u00edas al Aut\u00f3dromo es una apuesta al desarrollo del sur de la Ciudad y a un deporte que cada vez suma m\u00e1s adeptos\u201d expres\u00f3 Santilli y destac\u00f3 que &quot;Los 200 km de Buenos Aires es la carrera m\u00e1s esperada de la temporada y va a ser un espect\u00e1culo inolvidable porque son los autos m\u00e1s r\u00e1pidos del pa\u00eds&quot;.<\/p>\n","protected":false},"excerpt":{"rendered":"<p>\u00a0 Hoy martes las 12 se llevar\u00e1 a cabo el lanzamiento de la 12\u00b0 edici\u00f3n de los \u201c200 Kil\u00f3metros de Buenos Aires\u201d, en el marco de la 9na fecha de Campeonato Argentino y Sudamericano del S\u00faper TC2000, que se realizar\u00e1 entre los d\u00edas 29, 30 de septiembre y el 1 de octubre. El lanzamiento de [&hellip;]<\/p>\n","protected":false},"author":1,"featured_media":8222,"comment_status":"open","ping_status":"open","sticky":false,"template":"","format":"standard","meta":{"_et_pb_use_builder":"","_et_pb_old_content":"","_et_gb_content_width":"","footnotes":""},"categories":[14,46],"tags":[],"class_list":["post-8221","post","type-post","status-publish","format-standard","has-post-thumbnail","hentry","category-deportes","category-polideportiva"],"_links":{"self":[{"href":"https:\/\/vocesdebaires.com.ar\/index.php\/wp-json\/wp\/v2\/posts\/8221"}],"collection":[{"href":"https:\/\/vocesdebaires.com.ar\/index.php\/wp-json\/wp\/v2\/posts"}],"about":[{"href":"https:\/\/vocesdebaires.com.ar\/index.php\/wp-json\/wp\/v2\/types\/post"}],"author":[{"embeddable":true,"href":"https:\/\/vocesdebaires.com.ar\/index.php\/wp-json\/wp\/v2\/users\/1"}],"replies":[{"embeddable":true,"href":"https:\/\/vocesdebaires.com.ar\/index.php\/wp-json\/wp\/v2\/comments?post=8221"}],"version-history":[{"count":0,"href":"https:\/\/vocesdebaires.com.ar\/index.php\/wp-json\/wp\/v2\/posts\/8221\/revisions"}],"wp:featuredmedia":[{"embeddable":true,"href":"https:\/\/vocesdebaires.com.ar\/index.php\/wp-json\/wp\/v2\/media\/8222"}],"wp:attachment":[{"href":"https:\/\/vocesdebaires.com.ar\/index.php\/wp-json\/wp\/v2\/media?parent=8221"}],"wp:term":[{"taxonomy":"category","embeddable":true,"href":"https:\/\/vocesdebaires.com.ar\/index.php\/wp-json\/wp\/v2\/categories?post=8221"},{"taxonomy":"post_tag","embeddable":true,"href":"https:\/\/vocesdebaires.com.ar\/index.php\/wp-json\/wp\/v2\/tags?post=8221"}],"curies":[{"name":"wp","href":"https:\/\/api.w.org\/{rel}","templated":true}]}}