{"id":8235,"date":"2017-09-25T03:00:00","date_gmt":"2017-09-25T06:00:00","guid":{"rendered":"http:\/\/vocesdebaires.com.ar\/wordpress\/index.php\/2017\/09\/25\/organizaciones-ayuda-a-personas-discapacitadas\/"},"modified":"2017-09-25T03:00:00","modified_gmt":"2017-09-25T06:00:00","slug":"organizaciones-ayuda-a-personas-discapacitadas","status":"publish","type":"post","link":"https:\/\/vocesdebaires.com.ar\/index.php\/2017\/09\/25\/organizaciones-ayuda-a-personas-discapacitadas\/","title":{"rendered":"Organizaci\u00f3nes: Ayuda a personas discapacitadas"},"content":{"rendered":"<p>\u00a0<br \/>\nSe realiz\u00f3 el pasado viernes por la tarde en la Legislatura porte\u00f1a un acto para declarar de inter\u00e9s social de la Ciudad Aut\u00f3noma de Buenos Aires las actividades realizadas por la cooperativa de trabajo En Buenas Manos, que brinda a personas con discapacidad la posibilidad de insertarse laboralmente. La diputada Mar\u00eda Patricia Vischi (Suma+) fue la autora de la iniciativa.&quot;Esta cooperativa realmente refleja el compromiso con la sociedad y demuestra que todos somos \u00fatiles. Nos llena de emoci\u00f3n y orgullo ver de que manera enfrentan la vida cada uno de ustedes&quot;, sostuvo Vischi durante la ceremonia de premiaci\u00f3n.<br \/>\nDatos estad\u00edsticos reflejan que el 82% de la poblaci\u00f3n de personas con discapacidad no tiene empleo y la dificultad en la inserci\u00f3n laboral se debe principalmente a\u00a0 prejuicios y falta de informaci\u00f3n sobre sus capacidades y competencias. El fundador de la ONG En Buenas Manos, Hern\u00e1n Espa\u00f1ol, recibi\u00f3 el diploma que reconoce la labor social que llevan adelante y reflexion\u00f3: &quot;Esto es algo muy importante porque nos ayuda a darnos cuenta que vamos por el buen camino&quot;. En la actualidad, 71 personas que presentan alg\u00fan grado de discapacidad prestan servicios a diferentes empresas a trav\u00e9s de la cooperativa.&quot;Si hoy existimos es porque necesitamos mostrarle a la sociedad lo que estas personas son capaces de hacer. Esperamos no ser necesarios en el futuro&quot;, reclam\u00f3 Espa\u00f1ol.<br \/>\nEsta cooperativa de trabajo ofrece a diferentes empresas el servicio de masajes relajantes (t\u00e9cnica shiatsu) brindado por personas no videntes, servicio de frutas frescas y ensaladas, a cargo de personas sordas y la digitalizaci\u00f3n de documentos hecho por personas hipoac\u00fasicas. &quot;En Buenas Manos es una Organizaci\u00f3n Social No Gubernamental cuya misi\u00f3n es generar un cambio de mirada respecto del empleo de personas con discapacidad, mediante desarrollo de emprendimientos autosustentables, de valor agregado, que inspiran a la sociedad en general a ser m\u00e1s inclusiva&quot;, destacan los fundamentos del proyecto que aprob\u00f3 la Legislatura el pasado 3 de agosto.<\/p>\n","protected":false},"excerpt":{"rendered":"<p>\u00a0 Se realiz\u00f3 el pasado viernes por la tarde en la Legislatura porte\u00f1a un acto para declarar de inter\u00e9s social de la Ciudad Aut\u00f3noma de Buenos Aires las actividades realizadas por la cooperativa de trabajo En Buenas Manos, que brinda a personas con discapacidad la posibilidad de insertarse laboralmente. La diputada Mar\u00eda Patricia Vischi (Suma+) [&hellip;]<\/p>\n","protected":false},"author":1,"featured_media":8236,"comment_status":"open","ping_status":"open","sticky":false,"template":"","format":"standard","meta":{"_et_pb_use_builder":"","_et_pb_old_content":"","_et_gb_content_width":"","footnotes":""},"categories":[11,33],"tags":[],"class_list":["post-8235","post","type-post","status-publish","format-standard","has-post-thumbnail","hentry","category-ciudad","category-sociedad-y-cultura-2"],"_links":{"self":[{"href":"https:\/\/vocesdebaires.com.ar\/index.php\/wp-json\/wp\/v2\/posts\/8235"}],"collection":[{"href":"https:\/\/vocesdebaires.com.ar\/index.php\/wp-json\/wp\/v2\/posts"}],"about":[{"href":"https:\/\/vocesdebaires.com.ar\/index.php\/wp-json\/wp\/v2\/types\/post"}],"author":[{"embeddable":true,"href":"https:\/\/vocesdebaires.com.ar\/index.php\/wp-json\/wp\/v2\/users\/1"}],"replies":[{"embeddable":true,"href":"https:\/\/vocesdebaires.com.ar\/index.php\/wp-json\/wp\/v2\/comments?post=8235"}],"version-history":[{"count":0,"href":"https:\/\/vocesdebaires.com.ar\/index.php\/wp-json\/wp\/v2\/posts\/8235\/revisions"}],"wp:featuredmedia":[{"embeddable":true,"href":"https:\/\/vocesdebaires.com.ar\/index.php\/wp-json\/wp\/v2\/media\/8236"}],"wp:attachment":[{"href":"https:\/\/vocesdebaires.com.ar\/index.php\/wp-json\/wp\/v2\/media?parent=8235"}],"wp:term":[{"taxonomy":"category","embeddable":true,"href":"https:\/\/vocesdebaires.com.ar\/index.php\/wp-json\/wp\/v2\/categories?post=8235"},{"taxonomy":"post_tag","embeddable":true,"href":"https:\/\/vocesdebaires.com.ar\/index.php\/wp-json\/wp\/v2\/tags?post=8235"}],"curies":[{"name":"wp","href":"https:\/\/api.w.org\/{rel}","templated":true}]}}