{"id":8241,"date":"2017-09-25T03:00:00","date_gmt":"2017-09-25T06:00:00","guid":{"rendered":"http:\/\/vocesdebaires.com.ar\/wordpress\/index.php\/2017\/09\/25\/legislatura-recibio-delegacion-de-vietnam\/"},"modified":"2017-09-25T03:00:00","modified_gmt":"2017-09-25T06:00:00","slug":"legislatura-recibio-delegacion-de-vietnam","status":"publish","type":"post","link":"https:\/\/vocesdebaires.com.ar\/index.php\/2017\/09\/25\/legislatura-recibio-delegacion-de-vietnam\/","title":{"rendered":"Legislatura recibi\u00f3: Delegaci\u00f3n  de Vietnam"},"content":{"rendered":"<p>\u00a0<br \/>\nLos Legisladores Daniel Presti y Emilio Raposo Varela (ambos del PRO), recibieron en el Sal\u00f3n Per\u00f3n de la Legislatura Porte\u00f1a a una delegaci\u00f3n de la Rep\u00fablica Socialista de Vietnam, encabezada por el legislador Nguyen Tuan Anh, vicepresidente del Comit\u00e9 de Asuntos de Miembros de la Asamblea Nacional, m\u00e1ximo organismo representativo.<br \/>\nPresti di\u00f3 la bienvenida a la delegaci\u00f3n y destac\u00f3 que la reuni\u00f3n busca fortalecer las relaciones entre Argentina y Vietnam y entre las ciudades de Hanoi\u00a0 y Buenos Aires. El comercio bilateral en 2016 ha representado exportaciones argentinas por m\u00e1s de 2.546 millones de d\u00f3lares en 2016 y es un importante destino de los productos argentinos en el mundo.<br \/>\nNguyen expres\u00f3 su satisfacci\u00f3n por estar presente: \u201cEn nombre de toda la delegaci\u00f3n parlamentaria de Vientam, le agradecemos a la Legislatura y a la Ciudad de Buenos Aires por recibirnos\u201d. El funcionario vietnamita es legislador por la provincia de Binh Phuoc, integrante de la actual XIV Asamblea Nacional con mandato hasta 2021.<\/p>\n","protected":false},"excerpt":{"rendered":"<p>\u00a0 Los Legisladores Daniel Presti y Emilio Raposo Varela (ambos del PRO), recibieron en el Sal\u00f3n Per\u00f3n de la Legislatura Porte\u00f1a a una delegaci\u00f3n de la Rep\u00fablica Socialista de Vietnam, encabezada por el legislador Nguyen Tuan Anh, vicepresidente del Comit\u00e9 de Asuntos de Miembros de la Asamblea Nacional, m\u00e1ximo organismo representativo. Presti di\u00f3 la bienvenida [&hellip;]<\/p>\n","protected":false},"author":1,"featured_media":8242,"comment_status":"open","ping_status":"open","sticky":false,"template":"","format":"standard","meta":{"_et_pb_use_builder":"","_et_pb_old_content":"","_et_gb_content_width":"","footnotes":""},"categories":[11,33],"tags":[],"class_list":["post-8241","post","type-post","status-publish","format-standard","has-post-thumbnail","hentry","category-ciudad","category-sociedad-y-cultura-2"],"_links":{"self":[{"href":"https:\/\/vocesdebaires.com.ar\/index.php\/wp-json\/wp\/v2\/posts\/8241"}],"collection":[{"href":"https:\/\/vocesdebaires.com.ar\/index.php\/wp-json\/wp\/v2\/posts"}],"about":[{"href":"https:\/\/vocesdebaires.com.ar\/index.php\/wp-json\/wp\/v2\/types\/post"}],"author":[{"embeddable":true,"href":"https:\/\/vocesdebaires.com.ar\/index.php\/wp-json\/wp\/v2\/users\/1"}],"replies":[{"embeddable":true,"href":"https:\/\/vocesdebaires.com.ar\/index.php\/wp-json\/wp\/v2\/comments?post=8241"}],"version-history":[{"count":0,"href":"https:\/\/vocesdebaires.com.ar\/index.php\/wp-json\/wp\/v2\/posts\/8241\/revisions"}],"wp:featuredmedia":[{"embeddable":true,"href":"https:\/\/vocesdebaires.com.ar\/index.php\/wp-json\/wp\/v2\/media\/8242"}],"wp:attachment":[{"href":"https:\/\/vocesdebaires.com.ar\/index.php\/wp-json\/wp\/v2\/media?parent=8241"}],"wp:term":[{"taxonomy":"category","embeddable":true,"href":"https:\/\/vocesdebaires.com.ar\/index.php\/wp-json\/wp\/v2\/categories?post=8241"},{"taxonomy":"post_tag","embeddable":true,"href":"https:\/\/vocesdebaires.com.ar\/index.php\/wp-json\/wp\/v2\/tags?post=8241"}],"curies":[{"name":"wp","href":"https:\/\/api.w.org\/{rel}","templated":true}]}}