{"id":8247,"date":"2017-09-22T03:00:00","date_gmt":"2017-09-22T06:00:00","guid":{"rendered":"http:\/\/vocesdebaires.com.ar\/wordpress\/index.php\/2017\/09\/22\/plaza-del-caballito-vecinos-pueden-disfrutarla\/"},"modified":"2017-09-22T03:00:00","modified_gmt":"2017-09-22T06:00:00","slug":"plaza-del-caballito-vecinos-pueden-disfrutarla","status":"publish","type":"post","link":"https:\/\/vocesdebaires.com.ar\/index.php\/2017\/09\/22\/plaza-del-caballito-vecinos-pueden-disfrutarla\/","title":{"rendered":"Plaza del Caballito: Vecinos pueden disfrutarla"},"content":{"rendered":"<p>\u00a0<br \/>\nLa Plaza del Caballito (Rojas 130), un espacio central para los vecinos de la zona, fue totalmente renovado. Las tareas incluyeron labores de parquizaci\u00f3n y la instalaci\u00f3n de un sistema de riego para el mantenimiento de las especies La puesta en valor incluy\u00f3 el reacondicionamiento de todas las instalaciones existentes, como el patio de usos m\u00faltiples, la cancha, los senderos y un peque\u00f1o anfiteatro. Adem\u00e1s, se instal\u00f3 un nuevo patio de juegos y se coloc\u00f3 un solado antigolpes para que los m\u00e1s chicos jueguen m\u00e1s seguros. La puesta en valor incluy\u00f3 el reacondicionamiento de todas las instalaciones existentes, como el patio de usos m\u00faltiples, la cancha, los senderos y un peque\u00f1o anfiteatro.Estas mejoras se dan en el marco de un plan que contempl\u00f3 la mejora de espacios verdes en todas las Comunas de la Ciudad. El objetivo es revalorizar el espacio p\u00fablico como lugar de\u00a0 interacci\u00f3n, esparcimiento, deporte y ocio.<br \/>\n\u00a0<br \/>\n\u00a0<\/p>\n","protected":false},"excerpt":{"rendered":"<p>\u00a0 La Plaza del Caballito (Rojas 130), un espacio central para los vecinos de la zona, fue totalmente renovado. Las tareas incluyeron labores de parquizaci\u00f3n y la instalaci\u00f3n de un sistema de riego para el mantenimiento de las especies La puesta en valor incluy\u00f3 el reacondicionamiento de todas las instalaciones existentes, como el patio de [&hellip;]<\/p>\n","protected":false},"author":1,"featured_media":8248,"comment_status":"open","ping_status":"open","sticky":false,"template":"","format":"standard","meta":{"_et_pb_use_builder":"","_et_pb_old_content":"","_et_gb_content_width":"","footnotes":""},"categories":[11,32],"tags":[],"class_list":["post-8247","post","type-post","status-publish","format-standard","has-post-thumbnail","hentry","category-ciudad","category-comunas"],"_links":{"self":[{"href":"https:\/\/vocesdebaires.com.ar\/index.php\/wp-json\/wp\/v2\/posts\/8247"}],"collection":[{"href":"https:\/\/vocesdebaires.com.ar\/index.php\/wp-json\/wp\/v2\/posts"}],"about":[{"href":"https:\/\/vocesdebaires.com.ar\/index.php\/wp-json\/wp\/v2\/types\/post"}],"author":[{"embeddable":true,"href":"https:\/\/vocesdebaires.com.ar\/index.php\/wp-json\/wp\/v2\/users\/1"}],"replies":[{"embeddable":true,"href":"https:\/\/vocesdebaires.com.ar\/index.php\/wp-json\/wp\/v2\/comments?post=8247"}],"version-history":[{"count":0,"href":"https:\/\/vocesdebaires.com.ar\/index.php\/wp-json\/wp\/v2\/posts\/8247\/revisions"}],"wp:featuredmedia":[{"embeddable":true,"href":"https:\/\/vocesdebaires.com.ar\/index.php\/wp-json\/wp\/v2\/media\/8248"}],"wp:attachment":[{"href":"https:\/\/vocesdebaires.com.ar\/index.php\/wp-json\/wp\/v2\/media?parent=8247"}],"wp:term":[{"taxonomy":"category","embeddable":true,"href":"https:\/\/vocesdebaires.com.ar\/index.php\/wp-json\/wp\/v2\/categories?post=8247"},{"taxonomy":"post_tag","embeddable":true,"href":"https:\/\/vocesdebaires.com.ar\/index.php\/wp-json\/wp\/v2\/tags?post=8247"}],"curies":[{"name":"wp","href":"https:\/\/api.w.org\/{rel}","templated":true}]}}