{"id":8250,"date":"2017-09-22T03:00:00","date_gmt":"2017-09-22T06:00:00","guid":{"rendered":"http:\/\/vocesdebaires.com.ar\/wordpress\/index.php\/2017\/09\/22\/villa-lugano-mejor-circulacion-en-zona-comercial\/"},"modified":"2017-09-22T03:00:00","modified_gmt":"2017-09-22T06:00:00","slug":"villa-lugano-mejor-circulacion-en-zona-comercial","status":"publish","type":"post","link":"https:\/\/vocesdebaires.com.ar\/index.php\/2017\/09\/22\/villa-lugano-mejor-circulacion-en-zona-comercial\/","title":{"rendered":"Villa Lugano: Mejor circulaci\u00f3n en zona comercial"},"content":{"rendered":"<p>\u00a0<br \/>\nEl Gobierno porte\u00f1o finaliz\u00f3 la obra denominada &quot;Conector Ambiental Avenida Soldado de la Frontera&quot; en el barrio de Villa Lugano. Se trata de una renovaci\u00f3n general del entorno de la avenida hom\u00f3nima que atraviesa el conjunto habitacional \u201cBarrio General de Divisi\u00f3n Manuel Nicol\u00e1s Savio\u201d, con el objetivo de mejorar la transitabilidad en la zona.<br \/>\nLos trabajos, que fueron consensuados con los vecinos mediante reuniones y consultas a trav\u00e9s de las redes sociales, se realizaron en el tramo que va desde el 4900 al 5100 (D\u00edaz Ana y Coronel Roca). Incluyeron la mejora de los bulevares, paradas de colectivos y refugios. Adem\u00e1s, se incorporaron rampas de acceso y cruces peatonales.<br \/>\nAhora, transitar por la zona es m\u00e1s ordenado y seguro. Tambi\u00e9n, se recuperaron las plazoletas ubicadas a ambos lados de la avenida, que ahora tienen nuevos sectores de bancos, farolas peatonales que contribuyen a una mejor y mayor iluminaci\u00f3n, m\u00e1s c\u00e9sped y \u00e1rboles.Con las reformas, se suman m\u00e1s de 300m2 de espacio verde, esta vez en la Comuna 8.<br \/>\nFotos del Ministerio de Ambiente y Espacio P\u00fablico\/GCBA.<\/p>\n","protected":false},"excerpt":{"rendered":"<p>\u00a0 El Gobierno porte\u00f1o finaliz\u00f3 la obra denominada &quot;Conector Ambiental Avenida Soldado de la Frontera&quot; en el barrio de Villa Lugano. Se trata de una renovaci\u00f3n general del entorno de la avenida hom\u00f3nima que atraviesa el conjunto habitacional \u201cBarrio General de Divisi\u00f3n Manuel Nicol\u00e1s Savio\u201d, con el objetivo de mejorar la transitabilidad en la zona. [&hellip;]<\/p>\n","protected":false},"author":1,"featured_media":8251,"comment_status":"open","ping_status":"open","sticky":false,"template":"","format":"standard","meta":{"_et_pb_use_builder":"","_et_pb_old_content":"","_et_gb_content_width":"","footnotes":""},"categories":[11,32],"tags":[],"class_list":["post-8250","post","type-post","status-publish","format-standard","has-post-thumbnail","hentry","category-ciudad","category-comunas"],"_links":{"self":[{"href":"https:\/\/vocesdebaires.com.ar\/index.php\/wp-json\/wp\/v2\/posts\/8250"}],"collection":[{"href":"https:\/\/vocesdebaires.com.ar\/index.php\/wp-json\/wp\/v2\/posts"}],"about":[{"href":"https:\/\/vocesdebaires.com.ar\/index.php\/wp-json\/wp\/v2\/types\/post"}],"author":[{"embeddable":true,"href":"https:\/\/vocesdebaires.com.ar\/index.php\/wp-json\/wp\/v2\/users\/1"}],"replies":[{"embeddable":true,"href":"https:\/\/vocesdebaires.com.ar\/index.php\/wp-json\/wp\/v2\/comments?post=8250"}],"version-history":[{"count":0,"href":"https:\/\/vocesdebaires.com.ar\/index.php\/wp-json\/wp\/v2\/posts\/8250\/revisions"}],"wp:featuredmedia":[{"embeddable":true,"href":"https:\/\/vocesdebaires.com.ar\/index.php\/wp-json\/wp\/v2\/media\/8251"}],"wp:attachment":[{"href":"https:\/\/vocesdebaires.com.ar\/index.php\/wp-json\/wp\/v2\/media?parent=8250"}],"wp:term":[{"taxonomy":"category","embeddable":true,"href":"https:\/\/vocesdebaires.com.ar\/index.php\/wp-json\/wp\/v2\/categories?post=8250"},{"taxonomy":"post_tag","embeddable":true,"href":"https:\/\/vocesdebaires.com.ar\/index.php\/wp-json\/wp\/v2\/tags?post=8250"}],"curies":[{"name":"wp","href":"https:\/\/api.w.org\/{rel}","templated":true}]}}