{"id":8254,"date":"2017-09-22T03:00:00","date_gmt":"2017-09-22T06:00:00","guid":{"rendered":"http:\/\/vocesdebaires.com.ar\/wordpress\/index.php\/2017\/09\/22\/universidad-la-matanza-vidal-encuentro-con-estudiantes\/"},"modified":"2017-09-22T03:00:00","modified_gmt":"2017-09-22T06:00:00","slug":"universidad-la-matanza-vidal-encuentro-con-estudiantes","status":"publish","type":"post","link":"https:\/\/vocesdebaires.com.ar\/index.php\/2017\/09\/22\/universidad-la-matanza-vidal-encuentro-con-estudiantes\/","title":{"rendered":"Universidad la Matanza: Vidal encuentro con estudiantes"},"content":{"rendered":"<p>\u00a0<br \/>\nLa gobernadora de la provincia de Buenos Aires, Mar\u00eda Eugenia Vidal, calific\u00f3 hoy al boleto estudiantil como &quot;un derecho para todos&quot; que &quot;ya alcanza a 300 mil chicos&quot; de todo el distrito, al participar de un encuentro con alumnos de la Universidad Nacional de La Matanza en el d\u00eda del estudiante.Acompa\u00f1ada por el candidato a senador nacional de Cambiemos, Esteban Bullrich, y el rector de esa Casa de Altos Estudios, Daniel Mart\u00ednez; Vidal indic\u00f3 que &quot;tenemos una enorme posibilidad por tener un buen sistema de universidades p\u00fablicas en la provincia. Los chicos entienden que la universidad les ofrece un salto en sus vidas. Les tenemos que dar la oportunidad a todos&quot;.<br \/>\n&quot;Tenemos que recuperar las aspiraciones universitarias, que todos los chicos puedan acceder y que tambi\u00e9n los docentes vengan a capacitarse ac\u00e1. Hay mucho para trabajar en el \u00e1mbito de las universidades. Nuestros adolescentes tienen que venir a la universidad p\u00fablica, pero tambi\u00e9n nuestros docentes y nuestros polic\u00edas&quot;, manifest\u00f3. Adem\u00e1s, a\u00f1adi\u00f3 que &quot;La Matanza tiene todo para crecer y estar mejor, y su universidad es el ancla, inmersa con su prestigio y credibilidad en la comunidad&quot;.Seg\u00fan expres\u00f3 la gobernadora, &quot;la ley del boleto estudiantil ya alcanza a 300 mil chicos. Es un buen paso que vamos a seguir completando y ampliando e invirtiendo para que se consolide como un derecho para todos los estudiantes&quot;.<br \/>\n&quot;La universidad p\u00fablica puede darle mucho a la comunidad, tiene que salir a la comunidad. Tiene prestigio y constituye una fuerza poderosa. Puede generar proyectos y trabajar junto al Estado. En la Provincia, por ejemplo, no hay ingenieros hidr\u00e1ulicos, y nos cuesta encontrar psiquiatras infantiles. Tambi\u00e9n faltan profesionales especializados en energ\u00edas renovables&quot;, asegur\u00f3.Por su parte, Bullrich se\u00f1al\u00f3 que desde la Universidad se puede colaborar &quot;con todos los niveles del gobierno, en forma consensuada y coordinada. Por ejemplo, en los barrios pobres de La Matanza&quot;.<\/p>\n","protected":false},"excerpt":{"rendered":"<p>\u00a0 La gobernadora de la provincia de Buenos Aires, Mar\u00eda Eugenia Vidal, calific\u00f3 hoy al boleto estudiantil como &quot;un derecho para todos&quot; que &quot;ya alcanza a 300 mil chicos&quot; de todo el distrito, al participar de un encuentro con alumnos de la Universidad Nacional de La Matanza en el d\u00eda del estudiante.Acompa\u00f1ada por el candidato [&hellip;]<\/p>\n","protected":false},"author":1,"featured_media":8255,"comment_status":"open","ping_status":"open","sticky":false,"template":"","format":"standard","meta":{"_et_pb_use_builder":"","_et_pb_old_content":"","_et_gb_content_width":"","footnotes":""},"categories":[34,13],"tags":[],"class_list":["post-8254","post","type-post","status-publish","format-standard","has-post-thumbnail","hentry","category-politica","category-provincia"],"_links":{"self":[{"href":"https:\/\/vocesdebaires.com.ar\/index.php\/wp-json\/wp\/v2\/posts\/8254"}],"collection":[{"href":"https:\/\/vocesdebaires.com.ar\/index.php\/wp-json\/wp\/v2\/posts"}],"about":[{"href":"https:\/\/vocesdebaires.com.ar\/index.php\/wp-json\/wp\/v2\/types\/post"}],"author":[{"embeddable":true,"href":"https:\/\/vocesdebaires.com.ar\/index.php\/wp-json\/wp\/v2\/users\/1"}],"replies":[{"embeddable":true,"href":"https:\/\/vocesdebaires.com.ar\/index.php\/wp-json\/wp\/v2\/comments?post=8254"}],"version-history":[{"count":0,"href":"https:\/\/vocesdebaires.com.ar\/index.php\/wp-json\/wp\/v2\/posts\/8254\/revisions"}],"wp:featuredmedia":[{"embeddable":true,"href":"https:\/\/vocesdebaires.com.ar\/index.php\/wp-json\/wp\/v2\/media\/8255"}],"wp:attachment":[{"href":"https:\/\/vocesdebaires.com.ar\/index.php\/wp-json\/wp\/v2\/media?parent=8254"}],"wp:term":[{"taxonomy":"category","embeddable":true,"href":"https:\/\/vocesdebaires.com.ar\/index.php\/wp-json\/wp\/v2\/categories?post=8254"},{"taxonomy":"post_tag","embeddable":true,"href":"https:\/\/vocesdebaires.com.ar\/index.php\/wp-json\/wp\/v2\/tags?post=8254"}],"curies":[{"name":"wp","href":"https:\/\/api.w.org\/{rel}","templated":true}]}}