{"id":8256,"date":"2017-09-22T03:00:00","date_gmt":"2017-09-22T06:00:00","guid":{"rendered":"http:\/\/vocesdebaires.com.ar\/wordpress\/index.php\/2017\/09\/22\/ocana-centro-social-abuelos-solidarios\/"},"modified":"2017-09-22T03:00:00","modified_gmt":"2017-09-22T06:00:00","slug":"ocana-centro-social-abuelos-solidarios","status":"publish","type":"post","link":"https:\/\/vocesdebaires.com.ar\/index.php\/2017\/09\/22\/ocana-centro-social-abuelos-solidarios\/","title":{"rendered":"Oca\u00f1a centro social &quot;Abuelos Solidarios&quot;"},"content":{"rendered":"<p>\u00a0<br \/>\nLa candidata a diputada nacional por la provincia de Buenos Aires, Graciela Oca\u00f1a, dijo ayer que &quot;no importa de qu\u00e9 partido pol\u00edtico sean, vamos trabajar en resolver los problemas de los bonaerenses&quot;.En un encuentro con adultos mayores en el centro social &quot;Abuelos Solidarios&quot;, donde preparan m\u00e1s de 700 viandas por d\u00eda para los vecinos del barrio Altos de la Torre, en Moreno, Oca\u00f1a destac\u00f3 tambi\u00e9n que &quot;hay una nueva generaci\u00f3n de dirigentes que est\u00e1 produciendo un cambio en toda la sociedad y la gente apoya el trabajo que venimos haciendo&quot;.<br \/>\nAdem\u00e1s, se\u00f1al\u00f3 que &quot;los argentinos se decidieron por la esperanza, con la actitud de apoyar a esta generaci\u00f3n que est\u00e1 cambiando la provincia y creen que el cambio es posible&quot;. Por la tarde, la candidata por Cambiemos se reuni\u00f3 con adultos mayores que recibieron la reparaci\u00f3n hist\u00f3rica en el municipio de Mercedes. Por su parte, Toty Flores visit\u00f3 el comedor \u201cRosa M\u00edstica&quot; en Avellaneda, mientras que Guillermo Montenegro se reuni\u00f3 con vecinos de Merlo que integran el foro de seguridad y que le plantearon la importancia de contar con un centro de monitoreo urbano conectado con la polic\u00eda que ayude a bajar la cantidad de delitos que se producen,\u00a0 as\u00ed como tambi\u00e9n la necesidad crear \u201ccorredores seguros\u201d para los chicos que salen de las escuelas.<br \/>\nPosteriormente Montenegro recorri\u00f3 el centro Comercial de Padua, donde habl\u00f3 con los comerciantes de la zona. En tanto, la candidata a senadora Gladys Gonz\u00e1lez dialogar\u00e1 con Carolina Abregu, representante de una asociaci\u00f3n que re\u00fane a familiares y v\u00edctimas de violencia de g\u00e9nero en Los Polvorines y otros distritos de Malvinas Argentina, mientras que Esteban Bullrich acompa\u00f1\u00f3 a la gobernadora Mar\u00eda Eugenia Vidal a La Matanza, donde particip\u00f3 de una charla con estudiantes de la Universidad Nacional de La Matanza (UNLaM).<\/p>\n","protected":false},"excerpt":{"rendered":"<p>\u00a0 La candidata a diputada nacional por la provincia de Buenos Aires, Graciela Oca\u00f1a, dijo ayer que &quot;no importa de qu\u00e9 partido pol\u00edtico sean, vamos trabajar en resolver los problemas de los bonaerenses&quot;.En un encuentro con adultos mayores en el centro social &quot;Abuelos Solidarios&quot;, donde preparan m\u00e1s de 700 viandas por d\u00eda para los vecinos [&hellip;]<\/p>\n","protected":false},"author":1,"featured_media":8257,"comment_status":"open","ping_status":"open","sticky":false,"template":"","format":"standard","meta":{"_et_pb_use_builder":"","_et_pb_old_content":"","_et_gb_content_width":"","footnotes":""},"categories":[34,13],"tags":[],"class_list":["post-8256","post","type-post","status-publish","format-standard","has-post-thumbnail","hentry","category-politica","category-provincia"],"_links":{"self":[{"href":"https:\/\/vocesdebaires.com.ar\/index.php\/wp-json\/wp\/v2\/posts\/8256"}],"collection":[{"href":"https:\/\/vocesdebaires.com.ar\/index.php\/wp-json\/wp\/v2\/posts"}],"about":[{"href":"https:\/\/vocesdebaires.com.ar\/index.php\/wp-json\/wp\/v2\/types\/post"}],"author":[{"embeddable":true,"href":"https:\/\/vocesdebaires.com.ar\/index.php\/wp-json\/wp\/v2\/users\/1"}],"replies":[{"embeddable":true,"href":"https:\/\/vocesdebaires.com.ar\/index.php\/wp-json\/wp\/v2\/comments?post=8256"}],"version-history":[{"count":0,"href":"https:\/\/vocesdebaires.com.ar\/index.php\/wp-json\/wp\/v2\/posts\/8256\/revisions"}],"wp:featuredmedia":[{"embeddable":true,"href":"https:\/\/vocesdebaires.com.ar\/index.php\/wp-json\/wp\/v2\/media\/8257"}],"wp:attachment":[{"href":"https:\/\/vocesdebaires.com.ar\/index.php\/wp-json\/wp\/v2\/media?parent=8256"}],"wp:term":[{"taxonomy":"category","embeddable":true,"href":"https:\/\/vocesdebaires.com.ar\/index.php\/wp-json\/wp\/v2\/categories?post=8256"},{"taxonomy":"post_tag","embeddable":true,"href":"https:\/\/vocesdebaires.com.ar\/index.php\/wp-json\/wp\/v2\/tags?post=8256"}],"curies":[{"name":"wp","href":"https:\/\/api.w.org\/{rel}","templated":true}]}}