{"id":8258,"date":"2017-09-21T03:00:00","date_gmt":"2017-09-21T06:00:00","guid":{"rendered":"http:\/\/vocesdebaires.com.ar\/wordpress\/index.php\/2017\/09\/21\/reunion-informativa-de-la-comision-de-presupuesto\/"},"modified":"2017-09-21T03:00:00","modified_gmt":"2017-09-21T06:00:00","slug":"reunion-informativa-de-la-comision-de-presupuesto","status":"publish","type":"post","link":"https:\/\/vocesdebaires.com.ar\/index.php\/2017\/09\/21\/reunion-informativa-de-la-comision-de-presupuesto\/","title":{"rendered":"Reuni\u00f3n informativa de la Comisi\u00f3n de Presupuesto"},"content":{"rendered":"<p>\u00a0<br \/>\nLa Comisi\u00f3n parlamentaria de Presupuesto este mediod\u00eda escuch\u00f3 explicaciones del Subsecretario de Finanzas del Ministerio de Hacienda de la CABA, Abel Fern\u00e1ndez, con relaci\u00f3n al proyecto de ley mediante el cual se busca autorizar al Poder Ejecutivo, a trav\u00e9s del Ministerio de Hacienda, para realizar operaciones de cr\u00e9dito p\u00fablico por hasta la suma de U$S 1.500.000.000, una ampliaci\u00f3n en el marco del Programa de Asistencia Financiera y\/o del Programa de Financiamiento en el mercado local.<br \/>\nEl incremento en d\u00f3lares o su equivalente en pesos, otra u otras monedas, se concretar\u00eda mediante la Ley N\u00b0 70 de Sistemas de Gesti\u00f3n, Administraci\u00f3n Financiera y Control del Sector P\u00fablico de la Ciudad, una o m\u00e1s operaciones voluntarias de administraci\u00f3n de pasivos en los t\u00e9rminos de los art\u00edculos 85 y 92 de su reglamentaci\u00f3n y disposiciones concordantes, y\/o la emisi\u00f3n de t\u00edtulos de deuda p\u00fablica, y\/o la reapertura de series y\/o clases en circulaci\u00f3n.En caso de emitirse t\u00edtulos y\/o procederse a la reapertura de alguna de las series y\/o clases en circulaci\u00f3n, los t\u00e9rminos y condiciones de los t\u00edtulos ser\u00e1n sustancialmente similares a los contemplados en las leyes que autorizaron la emisi\u00f3n tanto bajo el Programa le Asistencia Financiera como el de Financiamiento en el Mercado Local.<br \/>\nLos t\u00e9rminos y condiciones a que estar\u00edan sujetos los t\u00edtulos contemplan, entre otras cuestiones, un plazo m\u00ednimo de emisi\u00f3n de un a\u00f1o, pudiendo emitirse a su valor nominal y\/o con descuento o prima respecto de su valor nominal, a una tasa de inter\u00e9s que podr\u00e1 ser fija, variable o mixta, con pagos de servicios trimestrales, semestrales o anuales, y su cancelaci\u00f3n al vencimiento podr\u00e1 ser en un \u00fanico pago o en diversos pagos a realizarse durante la vida de los mismos.El monto de los t\u00edtulos suscriptos e integrados en efectivo que no sea aplicado a la recompra de los t\u00edtulos seleccionados, neto de gastos, primas y otras erogaciones relacionadas con las operaciones autorizadas, no podr\u00e1 superar anualmente la suma de U$S 500.000.000. El destino de dichos fondos ser\u00e1 exclusivamente la cancelaci\u00f3n de deuda, por lo cual la autorizaci\u00f3n solicitada no genera un aumento del stock. El funcionario del Ejecutivo explic\u00f3 que el objetivo de llevar a cabo operaciones de administraci\u00f3n de pasivos se alinea con la estrategia que ha venido llevando adelante la Ciudad de suavizar el perfil de vencimientos, reduciendo el costo de la deuda y la exposici\u00f3n a moneda extranjera.Asimismo, esta estrategia cobra renovada relevancia dado el nuevo r\u00e9gimen de responsabilidad fiscal que se negocia entre el Gobierno Nacional, las provincias y la Ciudad de Buenos Aires, que definir\u00e1 los lineamientos de comportamiento fiscal y financiero de las jurisdicciones a partir de 2018.El diputado Alejandro Garc\u00eda (PRO), presidente de la Comisi\u00f3n de Presupuesto, encabez\u00f3 la reuni\u00f3n a la que asistieron tambi\u00e9n los legisladores Carmen Polledo, Francisco Quintana, Victoria Rold\u00e1n M\u00e9ndez, Daniel Presti, Paula Villalba, Jian Ping Yuan, Clodomiro Risau, Agust\u00edn Forchieri (PRO), Natalia Fidel, Juan Nosiglia (SUMA+), Marcelo Depierro (MJ), Gabriel Fuks (CNM), Claudio Palmeyro (SP) y Javier Andrade (FpV).<\/p>\n","protected":false},"excerpt":{"rendered":"<p>\u00a0 La Comisi\u00f3n parlamentaria de Presupuesto este mediod\u00eda escuch\u00f3 explicaciones del Subsecretario de Finanzas del Ministerio de Hacienda de la CABA, Abel Fern\u00e1ndez, con relaci\u00f3n al proyecto de ley mediante el cual se busca autorizar al Poder Ejecutivo, a trav\u00e9s del Ministerio de Hacienda, para realizar operaciones de cr\u00e9dito p\u00fablico por hasta la suma de [&hellip;]<\/p>\n","protected":false},"author":1,"featured_media":8259,"comment_status":"open","ping_status":"open","sticky":false,"template":"","format":"standard","meta":{"_et_pb_use_builder":"","_et_pb_old_content":"","_et_gb_content_width":"","footnotes":""},"categories":[11,32],"tags":[],"class_list":["post-8258","post","type-post","status-publish","format-standard","has-post-thumbnail","hentry","category-ciudad","category-comunas"],"_links":{"self":[{"href":"https:\/\/vocesdebaires.com.ar\/index.php\/wp-json\/wp\/v2\/posts\/8258"}],"collection":[{"href":"https:\/\/vocesdebaires.com.ar\/index.php\/wp-json\/wp\/v2\/posts"}],"about":[{"href":"https:\/\/vocesdebaires.com.ar\/index.php\/wp-json\/wp\/v2\/types\/post"}],"author":[{"embeddable":true,"href":"https:\/\/vocesdebaires.com.ar\/index.php\/wp-json\/wp\/v2\/users\/1"}],"replies":[{"embeddable":true,"href":"https:\/\/vocesdebaires.com.ar\/index.php\/wp-json\/wp\/v2\/comments?post=8258"}],"version-history":[{"count":0,"href":"https:\/\/vocesdebaires.com.ar\/index.php\/wp-json\/wp\/v2\/posts\/8258\/revisions"}],"wp:featuredmedia":[{"embeddable":true,"href":"https:\/\/vocesdebaires.com.ar\/index.php\/wp-json\/wp\/v2\/media\/8259"}],"wp:attachment":[{"href":"https:\/\/vocesdebaires.com.ar\/index.php\/wp-json\/wp\/v2\/media?parent=8258"}],"wp:term":[{"taxonomy":"category","embeddable":true,"href":"https:\/\/vocesdebaires.com.ar\/index.php\/wp-json\/wp\/v2\/categories?post=8258"},{"taxonomy":"post_tag","embeddable":true,"href":"https:\/\/vocesdebaires.com.ar\/index.php\/wp-json\/wp\/v2\/tags?post=8258"}],"curies":[{"name":"wp","href":"https:\/\/api.w.org\/{rel}","templated":true}]}}