{"id":8262,"date":"2017-09-21T03:00:00","date_gmt":"2017-09-21T06:00:00","guid":{"rendered":"http:\/\/vocesdebaires.com.ar\/wordpress\/index.php\/2017\/09\/21\/la-daia-solicita-no-banalizar-el-holocausto\/"},"modified":"2017-09-21T03:00:00","modified_gmt":"2017-09-21T06:00:00","slug":"la-daia-solicita-no-banalizar-el-holocausto","status":"publish","type":"post","link":"https:\/\/vocesdebaires.com.ar\/index.php\/2017\/09\/21\/la-daia-solicita-no-banalizar-el-holocausto\/","title":{"rendered":"La DAIA solicita, no banalizar el Holocausto"},"content":{"rendered":"<p>\u00a0<br \/>\nA ra\u00edz de la publicaci\u00f3n del art\u00edculo &quot;La man\u00eda de banalizar los derechos humanos&quot;, firmado por Ricardo Roa en Clar\u00edn (19\/09\/17), en el que se menciona la comparaci\u00f3n realizada por el rabino Daniel Goldman entre las literas de los trabajadores marginales de una barraca convertida en dormitorio en Chaco con el campo de exterminio de Auschwitz, la DAIA, representaci\u00f3n pol\u00edtica de la comunidad jud\u00eda argentina, hace un llamado a no equiparar situaciones de la coyuntura con la Sho\u00e1.<br \/>\nEl Holocausto constituy\u00f3 la p\u00e1gina m\u00e1s oscura en la historia de la humanidad, en la que el r\u00e9gimen nazi aniquil\u00f3 a seis millones de jud\u00edos, entre ellos un mill\u00f3n y medio de ni\u00f1os, en forma sistem\u00e1tica. La DAIA solicita, una vez m\u00e1s, utilizar con la debida prudencia y respeto las analog\u00edas, evitando recurrir a la utilizaci\u00f3n de comparaciones inapropiadas que incurran en el riesgo de una banalizaci\u00f3n\u00a0 del genocidio y de sus perpetradores, preservando la singularidad del Holocausto, sin que ello implique ignorar sus ense\u00f1anzas de car\u00e1cter universal. Secretario General Mario Tannenbaum, Ariel Cohen Sabban Presidente<\/p>\n","protected":false},"excerpt":{"rendered":"<p>\u00a0 A ra\u00edz de la publicaci\u00f3n del art\u00edculo &quot;La man\u00eda de banalizar los derechos humanos&quot;, firmado por Ricardo Roa en Clar\u00edn (19\/09\/17), en el que se menciona la comparaci\u00f3n realizada por el rabino Daniel Goldman entre las literas de los trabajadores marginales de una barraca convertida en dormitorio en Chaco con el campo de exterminio [&hellip;]<\/p>\n","protected":false},"author":1,"featured_media":7133,"comment_status":"open","ping_status":"open","sticky":false,"template":"","format":"standard","meta":{"_et_pb_use_builder":"","_et_pb_old_content":"","_et_gb_content_width":"","footnotes":""},"categories":[11,33],"tags":[],"class_list":["post-8262","post","type-post","status-publish","format-standard","has-post-thumbnail","hentry","category-ciudad","category-sociedad-y-cultura-2"],"_links":{"self":[{"href":"https:\/\/vocesdebaires.com.ar\/index.php\/wp-json\/wp\/v2\/posts\/8262"}],"collection":[{"href":"https:\/\/vocesdebaires.com.ar\/index.php\/wp-json\/wp\/v2\/posts"}],"about":[{"href":"https:\/\/vocesdebaires.com.ar\/index.php\/wp-json\/wp\/v2\/types\/post"}],"author":[{"embeddable":true,"href":"https:\/\/vocesdebaires.com.ar\/index.php\/wp-json\/wp\/v2\/users\/1"}],"replies":[{"embeddable":true,"href":"https:\/\/vocesdebaires.com.ar\/index.php\/wp-json\/wp\/v2\/comments?post=8262"}],"version-history":[{"count":0,"href":"https:\/\/vocesdebaires.com.ar\/index.php\/wp-json\/wp\/v2\/posts\/8262\/revisions"}],"wp:featuredmedia":[{"embeddable":true,"href":"https:\/\/vocesdebaires.com.ar\/index.php\/wp-json\/wp\/v2\/media\/7133"}],"wp:attachment":[{"href":"https:\/\/vocesdebaires.com.ar\/index.php\/wp-json\/wp\/v2\/media?parent=8262"}],"wp:term":[{"taxonomy":"category","embeddable":true,"href":"https:\/\/vocesdebaires.com.ar\/index.php\/wp-json\/wp\/v2\/categories?post=8262"},{"taxonomy":"post_tag","embeddable":true,"href":"https:\/\/vocesdebaires.com.ar\/index.php\/wp-json\/wp\/v2\/tags?post=8262"}],"curies":[{"name":"wp","href":"https:\/\/api.w.org\/{rel}","templated":true}]}}