{"id":8263,"date":"2017-09-21T03:00:00","date_gmt":"2017-09-21T06:00:00","guid":{"rendered":"http:\/\/vocesdebaires.com.ar\/wordpress\/index.php\/2017\/09\/21\/pichetto-presenta-quinta-edicion-de-movimiento-21\/"},"modified":"2017-09-21T03:00:00","modified_gmt":"2017-09-21T06:00:00","slug":"pichetto-presenta-quinta-edicion-de-movimiento-21","status":"publish","type":"post","link":"https:\/\/vocesdebaires.com.ar\/index.php\/2017\/09\/21\/pichetto-presenta-quinta-edicion-de-movimiento-21\/","title":{"rendered":"Pichetto presenta.Quinta edici\u00f3n de &quot;Movimiento 21&quot;"},"content":{"rendered":"<p>\u00a0<br \/>\nBajo la consigna &quot;la reconstrucci\u00f3n del pensamiento nacional&quot;, el jefe del bloque del Frente para la Victoria-PJ en el Senado de la Naci\u00f3n, Miguel \u00c1ngel Pichetto ser\u00e1 el principal orador en la presentaci\u00f3n de la 5ta edici\u00f3n de la revista &quot;Movimiento 21&quot;, que tiene a Hugo Quintana como director. La cita ser\u00e1 hoy jueves 21\/09 a las 18.hs , en el Hotel Castelar (Avenida de Mayo 1152, CABA).<br \/>\nEn esta oportunidad, el senador de la Naci\u00f3n Miguel Pichetto ser\u00e1 el \u00fanico orador de la presentaci\u00f3n que tendr\u00e1 como principal tem\u00e1tica &quot;La Reconstrucci\u00f3n del pensamiento nacional. Proyecto nacional de desarrollo: la Argentina que viene&quot;.<br \/>\nLa revista &quot;Movimiento 21&quot; se lanz\u00f3 oficialmente a fines de septiembre de 2016, en un acto realizado en el club Espa\u00f1ol. Es dirigida por el sindicalista Hugo Quintana y desde su presentaci\u00f3n, cont\u00f3 con el apoyo de importantes dirigentes peronistas como Humberto Roggero, Oscar Lamberto, Aldo Pignanelli, Eduardo Rollano, Oscar Schmidt, Pascual Albanese y Miguel \u00c1ngel Toma, entre otros.<br \/>\n\u00a0<\/p>\n","protected":false},"excerpt":{"rendered":"<p>\u00a0 Bajo la consigna &quot;la reconstrucci\u00f3n del pensamiento nacional&quot;, el jefe del bloque del Frente para la Victoria-PJ en el Senado de la Naci\u00f3n, Miguel \u00c1ngel Pichetto ser\u00e1 el principal orador en la presentaci\u00f3n de la 5ta edici\u00f3n de la revista &quot;Movimiento 21&quot;, que tiene a Hugo Quintana como director. La cita ser\u00e1 hoy jueves [&hellip;]<\/p>\n","protected":false},"author":1,"featured_media":8264,"comment_status":"open","ping_status":"open","sticky":false,"template":"","format":"standard","meta":{"_et_pb_use_builder":"","_et_pb_old_content":"","_et_gb_content_width":"","footnotes":""},"categories":[12,34],"tags":[],"class_list":["post-8263","post","type-post","status-publish","format-standard","has-post-thumbnail","hentry","category-nacion","category-politica"],"_links":{"self":[{"href":"https:\/\/vocesdebaires.com.ar\/index.php\/wp-json\/wp\/v2\/posts\/8263"}],"collection":[{"href":"https:\/\/vocesdebaires.com.ar\/index.php\/wp-json\/wp\/v2\/posts"}],"about":[{"href":"https:\/\/vocesdebaires.com.ar\/index.php\/wp-json\/wp\/v2\/types\/post"}],"author":[{"embeddable":true,"href":"https:\/\/vocesdebaires.com.ar\/index.php\/wp-json\/wp\/v2\/users\/1"}],"replies":[{"embeddable":true,"href":"https:\/\/vocesdebaires.com.ar\/index.php\/wp-json\/wp\/v2\/comments?post=8263"}],"version-history":[{"count":0,"href":"https:\/\/vocesdebaires.com.ar\/index.php\/wp-json\/wp\/v2\/posts\/8263\/revisions"}],"wp:featuredmedia":[{"embeddable":true,"href":"https:\/\/vocesdebaires.com.ar\/index.php\/wp-json\/wp\/v2\/media\/8264"}],"wp:attachment":[{"href":"https:\/\/vocesdebaires.com.ar\/index.php\/wp-json\/wp\/v2\/media?parent=8263"}],"wp:term":[{"taxonomy":"category","embeddable":true,"href":"https:\/\/vocesdebaires.com.ar\/index.php\/wp-json\/wp\/v2\/categories?post=8263"},{"taxonomy":"post_tag","embeddable":true,"href":"https:\/\/vocesdebaires.com.ar\/index.php\/wp-json\/wp\/v2\/tags?post=8263"}],"curies":[{"name":"wp","href":"https:\/\/api.w.org\/{rel}","templated":true}]}}