{"id":8271,"date":"2017-09-20T03:54:51","date_gmt":"2017-09-20T06:54:51","guid":{"rendered":"http:\/\/vocesdebaires.com.ar\/wordpress\/index.php\/2017\/09\/20\/gobierno-nacional-anuncio-aumentos\/"},"modified":"2017-09-20T03:54:51","modified_gmt":"2017-09-20T06:54:51","slug":"gobierno-nacional-anuncio-aumentos","status":"publish","type":"post","link":"https:\/\/vocesdebaires.com.ar\/index.php\/2017\/09\/20\/gobierno-nacional-anuncio-aumentos\/","title":{"rendered":"Gobierno Nacional  anuncio  aumentos"},"content":{"rendered":"<p>\u00a0<br \/>\nEl presidente Mauricio Macri y la gobernadora bonaerense, Mar\u00eda Eugenia Vidal, anunciaron ayer un aumento del veinte por ciento para los beneficiarios de asignaciones familiares y de jubilaciones m\u00ednimas de la provincia de Buenos Aires, al que calificaron como &quot;un concepto de justicia profundo&quot; para que estas remuneraciones superen el efecto de la inflaci\u00f3n.&quot;Hoy tenemos un gobierno nacional comprometido en serio con los jubilados. Este a\u00f1o, todos los jubilados van a cobrar una jubilaci\u00f3n que va a superar la inflaci\u00f3n\u201d, sostuvo la gobernadora y agreg\u00f3 \u201cya pas\u00f3 el tiempo de las palabras. Tuvimos muchas palabras, muchos discursos. Lleg\u00f3 el momento de hacer. Haciendo recuperamos la confianza&quot;.<br \/>\nVidal dijo esto durante su discurso en un acto realizado en el partido bonaerense de Quilmes. Despu\u00e9s de la gobernadora, habl\u00f3 el Presidente Macri.Participaron del encuentro, el Jefe de Gabinete de la provincia de Buenos Aires, Federico Salvai, el ministro de Econom\u00eda de la bonaerense, Hern\u00e1n Lacunza los candidatos legislativos de Cambiemos Esteban Bullrich, Graciela Oca\u00f1a, Gladys Gonz\u00e1lez, H\u00e9ctor &quot;Toty&quot; Flores y Guillermo Montenegro; el Director Ejecutivo de la Administraci\u00f3n Nacional de la Seguridad Social (ANSES), Emilio Basavilbaso, y el intendente local, Martiniano Molina. La gobernadora se\u00f1al\u00f3: &quot;Hoy anunciamos un aumento del 20 por ciento de asignaciones familiares y jubilaciones m\u00ednimas en la provincia de Buenos Aires\u201d.<br \/>\n\u201cS\u00ed se puede, claro que se puede. Estamos pudiendo, eso es lo que est\u00e1 cambiando en la Provincia, y vamos a seguir, no vamos a parar. Este es un camino que empez\u00f3 y no para&quot;, afirm\u00f3 Vidal.&quot;Es un concepto de justicia profundo. Si hay una parte de la sociedad\u00a0\u00a0 que durante a\u00f1os no recibi\u00f3 justicia son nuestros adultos mayores, quienes esperaron por una respuesta que durante mucho tiempo no lleg\u00f3. Ellos saben cu\u00e1ndo un cambio es de verdad, cu\u00e1ndo algo es profundo o es cosm\u00e9tico. Se dan cuenta de que lo que cuesta y llega para siempre lleva tiempo, no hay atajos ni caminos r\u00e1pidos. Saben que lo que se construye en serio es lo que de verdad van a dejar como herencia, junto con los valores&quot;, afirm\u00f3.<br \/>\nVidal subray\u00f3 que &quot;m\u00e1s de un mill\u00f3n de jubilados y pensionados ya cobraron la reparaci\u00f3n hist\u00f3rica. La esperaron durante d\u00e9cadas y hoy la cobran porque es lo que les corresponde, es para lo que trabajaron toda la vida. En ese cambio profundo, este a\u00f1o todos los jubilados van a cobrar una jubilaci\u00f3n que va a superar la inflaci\u00f3n&quot;.En tanto, Macri asever\u00f3 que &quot;somos parte de la soluci\u00f3n, no del problema. Estamos tratando de construir entre todos, vulnerando l\u00edmites. Es importante entender que este es el momento en el que el cambio se est\u00e1 produciendo, esta es la generaci\u00f3n que vino a cambiar la historia, para siempre, en base a dar pasos s\u00f3lidos todos los d\u00edas. Ning\u00fan salto al vac\u00edo, ninguna locura, ninguna propuesta mesi\u00e1nica: son peque\u00f1os pasos todos los d\u00edas. Cada d\u00eda, la Argentina va a estar mejor, cada uno haciendo su aporte&quot;.<br \/>\nAsimismo, junto con el incremento del veinte por ciento de las asignaciones familiares, se modificar\u00e1n los topes para que 7.200 empleados p\u00fablicos provinciales que antes no percib\u00edan este beneficio b\u00e1sico comiencen a cobrarlo. En mayo de 2016, la Provincia hab\u00eda aumentado el tope m\u00e1ximo de ingresos familiares que da derecho a percibir este beneficio el cual pas\u00f3 de $30.000 a $60.000. A partir de septiembre este tope se elevar\u00e1 a $73.608, un 145% superior al de principios de 2016.A partir de este mes, los trabajadores estatales de la Provincia recibir\u00e1n 186 mil asignaciones que se distribuir\u00e1n en unas 115 mil familias, por un total de 2.100 millones de pesos, un 26 por ciento m\u00e1s que en 2016.<\/p>\n","protected":false},"excerpt":{"rendered":"<p>\u00a0 El presidente Mauricio Macri y la gobernadora bonaerense, Mar\u00eda Eugenia Vidal, anunciaron ayer un aumento del veinte por ciento para los beneficiarios de asignaciones familiares y de jubilaciones m\u00ednimas de la provincia de Buenos Aires, al que calificaron como &quot;un concepto de justicia profundo&quot; para que estas remuneraciones superen el efecto de la inflaci\u00f3n.&quot;Hoy [&hellip;]<\/p>\n","protected":false},"author":1,"featured_media":8272,"comment_status":"open","ping_status":"open","sticky":false,"template":"","format":"standard","meta":{"_et_pb_use_builder":"","_et_pb_old_content":"","_et_gb_content_width":"","footnotes":""},"categories":[34,13],"tags":[],"class_list":["post-8271","post","type-post","status-publish","format-standard","has-post-thumbnail","hentry","category-politica","category-provincia"],"_links":{"self":[{"href":"https:\/\/vocesdebaires.com.ar\/index.php\/wp-json\/wp\/v2\/posts\/8271"}],"collection":[{"href":"https:\/\/vocesdebaires.com.ar\/index.php\/wp-json\/wp\/v2\/posts"}],"about":[{"href":"https:\/\/vocesdebaires.com.ar\/index.php\/wp-json\/wp\/v2\/types\/post"}],"author":[{"embeddable":true,"href":"https:\/\/vocesdebaires.com.ar\/index.php\/wp-json\/wp\/v2\/users\/1"}],"replies":[{"embeddable":true,"href":"https:\/\/vocesdebaires.com.ar\/index.php\/wp-json\/wp\/v2\/comments?post=8271"}],"version-history":[{"count":0,"href":"https:\/\/vocesdebaires.com.ar\/index.php\/wp-json\/wp\/v2\/posts\/8271\/revisions"}],"wp:featuredmedia":[{"embeddable":true,"href":"https:\/\/vocesdebaires.com.ar\/index.php\/wp-json\/wp\/v2\/media\/8272"}],"wp:attachment":[{"href":"https:\/\/vocesdebaires.com.ar\/index.php\/wp-json\/wp\/v2\/media?parent=8271"}],"wp:term":[{"taxonomy":"category","embeddable":true,"href":"https:\/\/vocesdebaires.com.ar\/index.php\/wp-json\/wp\/v2\/categories?post=8271"},{"taxonomy":"post_tag","embeddable":true,"href":"https:\/\/vocesdebaires.com.ar\/index.php\/wp-json\/wp\/v2\/tags?post=8271"}],"curies":[{"name":"wp","href":"https:\/\/api.w.org\/{rel}","templated":true}]}}